{"id":6931,"date":"2025-01-11T19:14:02","date_gmt":"2025-01-11T19:14:02","guid":{"rendered":"https:\/\/lezenith.info\/?p=6931"},"modified":"2025-01-11T19:16:16","modified_gmt":"2025-01-11T19:16:16","slug":"france-les-forces-vives-de-la-diaspora-guineenne-appellent-a-une-nouvelle-manifestation-a-paris","status":"publish","type":"post","link":"https:\/\/lezenith.info\/?p=6931","title":{"rendered":"France : Les forces vives de la diaspora guin\u00e9enne ont de nouveau manifest\u00e9 \u00e0 Paris."},"content":{"rendered":"<p>&nbsp;<\/p>\n<p>Apr\u00e8s la manifestation du 28 d\u00e9cembre dernier, l\u2019antenne des forces vives de Guin\u00e9e en France a lanc\u00e9 un nouvel appel \u00e0 la mobilisation des Guin\u00e9ens de la diaspora pour une manifestation pacifique, pr\u00e9vue ce samedi 11 janvier 2025. L&rsquo;\u00e9v\u00e9nement se d\u00e9roulera de 13h \u00e0 17h \u00e0 la place de la R\u00e9publique \u00e0 Paris.<\/p>\n<p>Durant cette mobilisation, des slogans hostiles au pouvoir en place \u00e0 Conakry ont \u00e9t\u00e9 scand\u00e9s, en particulier l&rsquo;exigence du d\u00e9part du Comit\u00e9 National du Rassemblement pour le D\u00e9veloppement (CNRD), dirig\u00e9 par le colonel Mamadi Doumbouya. Cette action fait \u00e9cho \u00e0 la position des forces vives de Guin\u00e9e, qui ont d\u00e9cid\u00e9 de ne plus reconna\u00eetre les autorit\u00e9s de la transition depuis le 31 d\u00e9cembre 2024.<\/p>\n<p>L&rsquo;antenne parisienne de l\u2019organisation a exprim\u00e9 sa d\u00e9termination \u00e0 maintenir la pression sur le r\u00e9gime en place. Selon ses membres, Mamadi Doumbouya ne quittera pas le pouvoir de son propre gr\u00e9. \u201cSeule notre mobilisation, dans l\u2019unit\u00e9 de toutes les forces du pays, permettra un retour \u00e0 l\u2019ordre constitutionnel\u201d, ont-ils d\u00e9clar\u00e9, avant de regagner leurs villes respectives.<\/p>\n<p>Cette manifestation s&rsquo;inscrit dans un objectif clair : influencer la transition politique en Guin\u00e9e et promouvoir un retour \u00e0 la d\u00e9mocratie et \u00e0 l&rsquo;\u00e9tat de droit.<\/p>\n<p>LA R\u00c9DACTION<\/p>\n<p>&nbsp;<\/p>\n<p>&nbsp;<\/p>\n","protected":false},"excerpt":{"rendered":"<p>&nbsp; Apr\u00e8s la manifestation du 28 d\u00e9cembre dernier, l\u2019antenne des forces vives de Guin\u00e9e en France a lanc\u00e9 un nouvel appel \u00e0 la mobilisation des Guin\u00e9ens de la diaspora pour une manifestation pacifique, pr\u00e9vue ce samedi 11 janvier 2025. L&rsquo;\u00e9v\u00e9nement se d\u00e9roulera de 13h \u00e0 17h \u00e0 la place de la R\u00e9publique \u00e0 Paris. Durant [&hellip;]<\/p>\n","protected":false},"author":5,"featured_media":6932,"comment_status":"open","ping_status":"open","sticky":false,"template":"","format":"standard","meta":{"_siteseo_robots_primary_cat":"5","footnotes":""},"categories":[9],"tags":[],"class_list":["post-6931","post","type-post","status-publish","format-standard","has-post-thumbnail","hentry","category-actualites"],"_links":{"self":[{"href":"https:\/\/lezenith.info\/index.php?rest_route=\/wp\/v2\/posts\/6931","targetHints":{"allow":["GET"]}}],"collection":[{"href":"https:\/\/lezenith.info\/index.php?rest_route=\/wp\/v2\/posts"}],"about":[{"href":"https:\/\/lezenith.info\/index.php?rest_route=\/wp\/v2\/types\/post"}],"author":[{"embeddable":true,"href":"https:\/\/lezenith.info\/index.php?rest_route=\/wp\/v2\/users\/5"}],"replies":[{"embeddable":true,"href":"https:\/\/lezenith.info\/index.php?rest_route=%2Fwp%2Fv2%2Fcomments&post=6931"}],"version-history":[{"count":3,"href":"https:\/\/lezenith.info\/index.php?rest_route=\/wp\/v2\/posts\/6931\/revisions"}],"predecessor-version":[{"id":6935,"href":"https:\/\/lezenith.info\/index.php?rest_route=\/wp\/v2\/posts\/6931\/revisions\/6935"}],"wp:featuredmedia":[{"embeddable":true,"href":"https:\/\/lezenith.info\/index.php?rest_route=\/wp\/v2\/media\/6932"}],"wp:attachment":[{"href":"https:\/\/lezenith.info\/index.php?rest_route=%2Fwp%2Fv2%2Fmedia&parent=6931"}],"wp:term":[{"taxonomy":"category","embeddable":true,"href":"https:\/\/lezenith.info\/index.php?rest_route=%2Fwp%2Fv2%2Fcategories&post=6931"},{"taxonomy":"post_tag","embeddable":true,"href":"https:\/\/lezenith.info\/index.php?rest_route=%2Fwp%2Fv2%2Ftags&post=6931"}],"curies":[{"name":"wp","href":"https:\/\/api.w.org\/{rel}","templated":true}]}}