{"id":6919,"date":"2025-01-11T18:12:11","date_gmt":"2025-01-11T18:12:11","guid":{"rendered":"https:\/\/lezenith.info\/?p=6919"},"modified":"2025-01-11T18:12:11","modified_gmt":"2025-01-11T18:12:11","slug":"guinee-le-ffsg-appelle-a-la-protection-de-la-liberte-dassociation-et-dexpression","status":"publish","type":"post","link":"https:\/\/lezenith.info\/?p=6919","title":{"rendered":"Guin\u00e9e : Le FFSG appelle \u00e0 la protection de la libert\u00e9 d&rsquo;association et d&rsquo;expression"},"content":{"rendered":"<p>Le Forum des Forces Sociales de Guin\u00e9e (FFSG) r\u00e9affirme son engagement en faveur de la d\u00e9fense des droits humains, du retour \u00e0 l&rsquo;ordre constitutionnel et de la promotion des libert\u00e9s fondamentales. En condamnant fermement les intimidations dont sont victimes ses membres, le FFSG appelle \u00e0 une mobilisation pacifique des citoyens et exhorte la communaut\u00e9 internationale \u00e0 soutenir la Guin\u00e9e dans sa qu\u00eate de libert\u00e9, de justice et de d\u00e9mocratie.<\/p>\n<p>Le Forum insiste sur la n\u00e9cessit\u00e9 de garantir la s\u00e9curit\u00e9 des membres de la Coordination pour pr\u00e9server la stabilit\u00e9 du pays.<\/p>\n<p>Ci-dessous le communiqu\u00e9 :<\/p>\n<p><img loading=\"lazy\" decoding=\"async\" class=\"alignnone size-medium wp-image-6920\" src=\"https:\/\/lezenith.info\/wp-content\/uploads\/2025\/01\/Screenshot_20250111_173337_All-Document-Reader-221x300.jpg\" alt=\"\" width=\"221\" height=\"300\" srcset=\"https:\/\/lezenith.info\/wp-content\/uploads\/2025\/01\/Screenshot_20250111_173337_All-Document-Reader-221x300.jpg 221w, https:\/\/lezenith.info\/wp-content\/uploads\/2025\/01\/Screenshot_20250111_173337_All-Document-Reader-755x1024.jpg 755w, https:\/\/lezenith.info\/wp-content\/uploads\/2025\/01\/Screenshot_20250111_173337_All-Document-Reader-768x1042.jpg 768w, https:\/\/lezenith.info\/wp-content\/uploads\/2025\/01\/Screenshot_20250111_173337_All-Document-Reader-750x1017.jpg 750w, https:\/\/lezenith.info\/wp-content\/uploads\/2025\/01\/Screenshot_20250111_173337_All-Document-Reader.jpg 1080w\" sizes=\"auto, (max-width: 221px) 100vw, 221px\" \/><\/p>\n<p>&nbsp;<\/p>\n<p>&nbsp;<\/p>\n<p>&nbsp;<\/p>\n<p>&nbsp;<\/p>\n","protected":false},"excerpt":{"rendered":"<p>Le Forum des Forces Sociales de Guin\u00e9e (FFSG) r\u00e9affirme son engagement en faveur de la d\u00e9fense des droits humains, du retour \u00e0 l&rsquo;ordre constitutionnel et de la promotion des libert\u00e9s fondamentales. En condamnant fermement les intimidations dont sont victimes ses membres, le FFSG appelle \u00e0 une mobilisation pacifique des citoyens et exhorte la communaut\u00e9 internationale [&hellip;]<\/p>\n","protected":false},"author":5,"featured_media":6921,"comment_status":"open","ping_status":"open","sticky":false,"template":"","format":"standard","meta":{"_siteseo_robots_primary_cat":"5","footnotes":""},"categories":[5],"tags":[],"class_list":["post-6919","post","type-post","status-publish","format-standard","has-post-thumbnail","hentry","category-slide"],"_links":{"self":[{"href":"https:\/\/lezenith.info\/index.php?rest_route=\/wp\/v2\/posts\/6919","targetHints":{"allow":["GET"]}}],"collection":[{"href":"https:\/\/lezenith.info\/index.php?rest_route=\/wp\/v2\/posts"}],"about":[{"href":"https:\/\/lezenith.info\/index.php?rest_route=\/wp\/v2\/types\/post"}],"author":[{"embeddable":true,"href":"https:\/\/lezenith.info\/index.php?rest_route=\/wp\/v2\/users\/5"}],"replies":[{"embeddable":true,"href":"https:\/\/lezenith.info\/index.php?rest_route=%2Fwp%2Fv2%2Fcomments&post=6919"}],"version-history":[{"count":1,"href":"https:\/\/lezenith.info\/index.php?rest_route=\/wp\/v2\/posts\/6919\/revisions"}],"predecessor-version":[{"id":6922,"href":"https:\/\/lezenith.info\/index.php?rest_route=\/wp\/v2\/posts\/6919\/revisions\/6922"}],"wp:featuredmedia":[{"embeddable":true,"href":"https:\/\/lezenith.info\/index.php?rest_route=\/wp\/v2\/media\/6921"}],"wp:attachment":[{"href":"https:\/\/lezenith.info\/index.php?rest_route=%2Fwp%2Fv2%2Fmedia&parent=6919"}],"wp:term":[{"taxonomy":"category","embeddable":true,"href":"https:\/\/lezenith.info\/index.php?rest_route=%2Fwp%2Fv2%2Fcategories&post=6919"},{"taxonomy":"post_tag","embeddable":true,"href":"https:\/\/lezenith.info\/index.php?rest_route=%2Fwp%2Fv2%2Ftags&post=6919"}],"curies":[{"name":"wp","href":"https:\/\/api.w.org\/{rel}","templated":true}]}}