{"id":6912,"date":"2025-01-11T16:06:19","date_gmt":"2025-01-11T16:06:19","guid":{"rendered":"https:\/\/lezenith.info\/?p=6912"},"modified":"2025-01-11T16:10:24","modified_gmt":"2025-01-11T16:10:24","slug":"guinee-kalemodou-yansane-loue-le-courage-de-cellou-dalein-diallo","status":"publish","type":"post","link":"https:\/\/lezenith.info\/?p=6912","title":{"rendered":"Guin\u00e9e : Kal\u00e9modou Yansan\u00e9 loue le courage de Cellou Dalein Diallo"},"content":{"rendered":"<p><img loading=\"lazy\" decoding=\"async\" class=\"alignnone size-medium wp-image-6916\" src=\"https:\/\/lezenith.info\/wp-content\/uploads\/2025\/01\/FB_IMG_1736607185114-1-300x239.jpg\" alt=\"\" width=\"300\" height=\"239\" srcset=\"https:\/\/lezenith.info\/wp-content\/uploads\/2025\/01\/FB_IMG_1736607185114-1-300x239.jpg 300w, https:\/\/lezenith.info\/wp-content\/uploads\/2025\/01\/FB_IMG_1736607185114-1.jpg 720w\" sizes=\"auto, (max-width: 300px) 100vw, 300px\" \/><\/p>\n<p>Lors de la premi\u00e8re assembl\u00e9e g\u00e9n\u00e9rale hebdomadaire de l&rsquo;UFDG de l&rsquo;ann\u00e9e 2025, Kal\u00e9modou Yansan\u00e9, vice-pr\u00e9sident du parti, a pris la d\u00e9fense de Cellou Dalein Diallo face aux accusations de fuite de la justice et de manque de courage. Il a rappel\u00e9 un incident sous le r\u00e9gime d&rsquo;Alpha Cond\u00e9, o\u00f9 une balle avait \u00e9t\u00e9 tir\u00e9e \u00e0 bout portant sur le v\u00e9hicule de Cellou Dalein \u00e0 la Belle Vue, \u00e0 Conakry.<\/p>\n<p>\u00ab Si Cellou Dalein avait eu peur, il aurait abandonn\u00e9 ce jour-l\u00e0. Mais il a choisi de continuer le combat \u00bb, a d\u00e9clar\u00e9 Kalemoudou Yansan\u00e9.<\/p>\n<p>Il a ajout\u00e9 que, bien que le v\u00e9hicule ait \u00e9t\u00e9 expertis\u00e9 par la police scientifique, aucune enqu\u00eate n\u2019a \u00e9t\u00e9 suivie. Selon lui, cet incident illustre le courage ind\u00e9fectible du leader de l&rsquo;UFDG, qui continue de d\u00e9fendre ses id\u00e9aux malgr\u00e9 les adversit\u00e9s.<\/p>\n<p>KADIATOU BALD\u00c9<\/p>\n<p>&nbsp;<\/p>\n<p>&nbsp;<\/p>\n<p>&nbsp;<\/p>\n","protected":false},"excerpt":{"rendered":"<p>Lors de la premi\u00e8re assembl\u00e9e g\u00e9n\u00e9rale hebdomadaire de l&rsquo;UFDG de l&rsquo;ann\u00e9e 2025, Kal\u00e9modou Yansan\u00e9, vice-pr\u00e9sident du parti, a pris la d\u00e9fense de Cellou Dalein Diallo face aux accusations de fuite de la justice et de manque de courage. Il a rappel\u00e9 un incident sous le r\u00e9gime d&rsquo;Alpha Cond\u00e9, o\u00f9 une balle avait \u00e9t\u00e9 tir\u00e9e \u00e0 [&hellip;]<\/p>\n","protected":false},"author":5,"featured_media":6915,"comment_status":"open","ping_status":"open","sticky":false,"template":"","format":"standard","meta":{"_siteseo_robots_primary_cat":"5","footnotes":""},"categories":[11],"tags":[],"class_list":["post-6912","post","type-post","status-publish","format-standard","has-post-thumbnail","hentry","category-politique"],"_links":{"self":[{"href":"https:\/\/lezenith.info\/index.php?rest_route=\/wp\/v2\/posts\/6912","targetHints":{"allow":["GET"]}}],"collection":[{"href":"https:\/\/lezenith.info\/index.php?rest_route=\/wp\/v2\/posts"}],"about":[{"href":"https:\/\/lezenith.info\/index.php?rest_route=\/wp\/v2\/types\/post"}],"author":[{"embeddable":true,"href":"https:\/\/lezenith.info\/index.php?rest_route=\/wp\/v2\/users\/5"}],"replies":[{"embeddable":true,"href":"https:\/\/lezenith.info\/index.php?rest_route=%2Fwp%2Fv2%2Fcomments&post=6912"}],"version-history":[{"count":3,"href":"https:\/\/lezenith.info\/index.php?rest_route=\/wp\/v2\/posts\/6912\/revisions"}],"predecessor-version":[{"id":6918,"href":"https:\/\/lezenith.info\/index.php?rest_route=\/wp\/v2\/posts\/6912\/revisions\/6918"}],"wp:featuredmedia":[{"embeddable":true,"href":"https:\/\/lezenith.info\/index.php?rest_route=\/wp\/v2\/media\/6915"}],"wp:attachment":[{"href":"https:\/\/lezenith.info\/index.php?rest_route=%2Fwp%2Fv2%2Fmedia&parent=6912"}],"wp:term":[{"taxonomy":"category","embeddable":true,"href":"https:\/\/lezenith.info\/index.php?rest_route=%2Fwp%2Fv2%2Fcategories&post=6912"},{"taxonomy":"post_tag","embeddable":true,"href":"https:\/\/lezenith.info\/index.php?rest_route=%2Fwp%2Fv2%2Ftags&post=6912"}],"curies":[{"name":"wp","href":"https:\/\/api.w.org\/{rel}","templated":true}]}}