{"id":6907,"date":"2025-01-11T15:40:54","date_gmt":"2025-01-11T15:40:54","guid":{"rendered":"https:\/\/lezenith.info\/?p=6907"},"modified":"2025-01-11T18:58:42","modified_gmt":"2025-01-11T18:58:42","slug":"guinee-le-model-intensifie-la-mobilisation-avec-un-sit-in-pour-exiger-la-liberation-daliou-bah","status":"publish","type":"post","link":"https:\/\/lezenith.info\/?p=6907","title":{"rendered":"Guin\u00e9e :\u00a0 Le MoDeL intensifie la mobilisation avec un sit-in pour exiger la lib\u00e9ration d\u2019Aliou Bah"},"content":{"rendered":"<p>&nbsp;<\/p>\n<p>Condamn\u00e9 \u00e0 deux ans de prison ferme pour \u00ab offense et diffamation \u00bb \u00e0 l\u2019encontre du chef de l\u2019\u00c9tat , Aliou Bah, pr\u00e9sident du parti MoDeL, est au centre d\u2019une vague de soutien de ses partisans, qui ont d\u00e9but\u00e9 une s\u00e9rie d&rsquo;actions revendicatives qu\u2019ils avaient annonc\u00e9es dans les jours pr\u00e9c\u00e9dents. Ce samedi, un sit-in a \u00e9t\u00e9 organis\u00e9 au si\u00e8ge du parti, marquant ainsi le d\u00e9but d\u2019une mobilisation plus large contre ce qu\u2019ils qualifient d\u2019abus de pouvoir judiciaire \u00e0 des fins politiques.<\/p>\n<p><img loading=\"lazy\" decoding=\"async\" class=\"alignnone size-medium wp-image-6909\" src=\"https:\/\/lezenith.info\/wp-content\/uploads\/2025\/01\/Screenshot_20250111_153245_Facebook-300x230.jpg\" alt=\"\" width=\"300\" height=\"230\" srcset=\"https:\/\/lezenith.info\/wp-content\/uploads\/2025\/01\/Screenshot_20250111_153245_Facebook-300x230.jpg 300w, https:\/\/lezenith.info\/wp-content\/uploads\/2025\/01\/Screenshot_20250111_153245_Facebook-1024x786.jpg 1024w, https:\/\/lezenith.info\/wp-content\/uploads\/2025\/01\/Screenshot_20250111_153245_Facebook-768x590.jpg 768w, https:\/\/lezenith.info\/wp-content\/uploads\/2025\/01\/Screenshot_20250111_153245_Facebook-750x576.jpg 750w, https:\/\/lezenith.info\/wp-content\/uploads\/2025\/01\/Screenshot_20250111_153245_Facebook.jpg 1080w\" sizes=\"auto, (max-width: 300px) 100vw, 300px\" \/><\/p>\n<p>L\u2019\u00e9v\u00e9nement a r\u00e9uni de nombreuses figures politiques et de la soci\u00e9t\u00e9 civile, toutes venues exprimer leur solidarit\u00e9 envers le leader du MoDeL. Sur le podium, le porte-parole du parti, Mo\u00efse Diawara, a pris la parole au nom de ses camarades :<\/p>\n<p>\u00ab Aliou Bah, en tant que pr\u00e9sident du MoDeL, a toujours d\u00e9fendu les id\u00e9aux de paix, de dialogue et de respect des droits fondamentaux. Son incarc\u00e9ration n\u2019est pas simplement une attaque contre une personne, mais une tentative de supprimer l\u2019espoir d\u2019un futur plus juste et prosp\u00e8re pour tous. Nous exigeons sa lib\u00e9ration imm\u00e9diate et inconditionnelle. Son emprisonnement constitue une violation flagrante de nos principes d\u00e9mocratiques \u00bb, a-t-il d\u00e9clar\u00e9 avec fermet\u00e9.<\/p>\n<p><img loading=\"lazy\" decoding=\"async\" class=\"alignnone size-medium wp-image-6908\" src=\"https:\/\/lezenith.info\/wp-content\/uploads\/2025\/01\/Screenshot_20250111_153248_Facebook-300x273.jpg\" alt=\"\" width=\"300\" height=\"273\" srcset=\"https:\/\/lezenith.info\/wp-content\/uploads\/2025\/01\/Screenshot_20250111_153248_Facebook-300x273.jpg 300w, https:\/\/lezenith.info\/wp-content\/uploads\/2025\/01\/Screenshot_20250111_153248_Facebook-1024x932.jpg 1024w, https:\/\/lezenith.info\/wp-content\/uploads\/2025\/01\/Screenshot_20250111_153248_Facebook-768x699.jpg 768w, https:\/\/lezenith.info\/wp-content\/uploads\/2025\/01\/Screenshot_20250111_153248_Facebook-750x683.jpg 750w, https:\/\/lezenith.info\/wp-content\/uploads\/2025\/01\/Screenshot_20250111_153248_Facebook.jpg 1080w\" sizes=\"auto, (max-width: 300px) 100vw, 300px\" \/><\/p>\n<p>Ce sit-in s\u2019inscrit dans une dynamique de r\u00e9sistance face \u00e0 une d\u00e9rive autoritaire croissante en Guin\u00e9e. Les militants du MoDeL se disent d\u00e9termin\u00e9s \u00e0 poursuivre leur mobilisation jusqu\u2019\u00e0 ce que leur leader retrouve la libert\u00e9, convaincus que son emprisonnement est symptomatique d\u2019une justice instrumentalis\u00e9e au service d\u2019int\u00e9r\u00eats politiques, au d\u00e9triment des principes d\u00e9mocratiques et de la libert\u00e9 d\u2019expression.<\/p>\n<p>FATOUMATA BINTA BALD\u00c9<\/p>\n<p>&nbsp;<\/p>\n<p>&nbsp;<\/p>\n","protected":false},"excerpt":{"rendered":"<p>&nbsp; Condamn\u00e9 \u00e0 deux ans de prison ferme pour \u00ab offense et diffamation \u00bb \u00e0 l\u2019encontre du chef de l\u2019\u00c9tat , Aliou Bah, pr\u00e9sident du parti MoDeL, est au centre d\u2019une vague de soutien de ses partisans, qui ont d\u00e9but\u00e9 une s\u00e9rie d&rsquo;actions revendicatives qu\u2019ils avaient annonc\u00e9es dans les jours pr\u00e9c\u00e9dents. Ce samedi, un sit-in [&hellip;]<\/p>\n","protected":false},"author":5,"featured_media":6930,"comment_status":"open","ping_status":"open","sticky":false,"template":"","format":"standard","meta":{"_siteseo_robots_primary_cat":"5","footnotes":""},"categories":[11],"tags":[],"class_list":["post-6907","post","type-post","status-publish","format-standard","has-post-thumbnail","hentry","category-politique"],"_links":{"self":[{"href":"https:\/\/lezenith.info\/index.php?rest_route=\/wp\/v2\/posts\/6907","targetHints":{"allow":["GET"]}}],"collection":[{"href":"https:\/\/lezenith.info\/index.php?rest_route=\/wp\/v2\/posts"}],"about":[{"href":"https:\/\/lezenith.info\/index.php?rest_route=\/wp\/v2\/types\/post"}],"author":[{"embeddable":true,"href":"https:\/\/lezenith.info\/index.php?rest_route=\/wp\/v2\/users\/5"}],"replies":[{"embeddable":true,"href":"https:\/\/lezenith.info\/index.php?rest_route=%2Fwp%2Fv2%2Fcomments&post=6907"}],"version-history":[{"count":1,"href":"https:\/\/lezenith.info\/index.php?rest_route=\/wp\/v2\/posts\/6907\/revisions"}],"predecessor-version":[{"id":6911,"href":"https:\/\/lezenith.info\/index.php?rest_route=\/wp\/v2\/posts\/6907\/revisions\/6911"}],"wp:featuredmedia":[{"embeddable":true,"href":"https:\/\/lezenith.info\/index.php?rest_route=\/wp\/v2\/media\/6930"}],"wp:attachment":[{"href":"https:\/\/lezenith.info\/index.php?rest_route=%2Fwp%2Fv2%2Fmedia&parent=6907"}],"wp:term":[{"taxonomy":"category","embeddable":true,"href":"https:\/\/lezenith.info\/index.php?rest_route=%2Fwp%2Fv2%2Fcategories&post=6907"},{"taxonomy":"post_tag","embeddable":true,"href":"https:\/\/lezenith.info\/index.php?rest_route=%2Fwp%2Fv2%2Ftags&post=6907"}],"curies":[{"name":"wp","href":"https:\/\/api.w.org\/{rel}","templated":true}]}}