{"id":6898,"date":"2025-01-11T13:45:13","date_gmt":"2025-01-11T13:45:13","guid":{"rendered":"https:\/\/lezenith.info\/?p=6898"},"modified":"2025-01-11T13:45:13","modified_gmt":"2025-01-11T13:45:13","slug":"deces-de-mamadi-sinkoun-kaba-alpha-conde-rend-hommage-a-un-proche-collaborateur-disparu","status":"publish","type":"post","link":"https:\/\/lezenith.info\/?p=6898","title":{"rendered":"D\u00e9c\u00e8s de Mamadi Sinkoun Kaba : Alpha Cond\u00e9 rend hommage \u00e0 un proche collaborateur disparu"},"content":{"rendered":"<p>&nbsp;<\/p>\n<p>L\u2019ancien pr\u00e9sident guin\u00e9en, Alpha Cond\u00e9, a exprim\u00e9 une immense tristesse suite au d\u00e9c\u00e8s de son directeur de Protocole d\u2019\u00c9tat, Mamadi Sinkoun Kaba, survenu le samedi 11 janvier 2025 \u00e0 Paris.<\/p>\n<p>Dans une d\u00e9claration empreinte d\u2019\u00e9motion, il a rendu un hommage poignant \u00e0 celui qu\u2019il consid\u00e9rait comme un fils. \u00ab C\u2019est avec une profonde tristesse et une grande douleur que j\u2019annonce le rappel \u00e0 Dieu de mon fils bien-aim\u00e9 Mamadi Sinkoun Kaba, directeur national du Protocole d\u2019\u00c9tat. Que son \u00e2me repose en paix \u00bb, a d\u00e9clar\u00e9 Alpha Cond\u00e9.<\/p>\n<p>L\u2019ancien pr\u00e9sident a \u00e9galement adress\u00e9 ses pens\u00e9es \u00e0 la famille endeuill\u00e9e. \u00ab Mes pens\u00e9es vont \u00e0 Hadja Rhokhoya, sa m\u00e8re, \u00e0 ses s\u0153urs ainsi qu\u2019\u00e0 toute la famille. \u00bb Il a enfin exprim\u00e9 ses condol\u00e9ances aux nombreux collaborateurs et militants ayant travaill\u00e9 aux c\u00f4t\u00e9s de Mamadi Sinkoun Kaba.<\/p>\n<p>MOMOYA SYLLA<\/p>\n<p>&nbsp;<\/p>\n<p>&nbsp;<\/p>\n","protected":false},"excerpt":{"rendered":"<p>&nbsp; L\u2019ancien pr\u00e9sident guin\u00e9en, Alpha Cond\u00e9, a exprim\u00e9 une immense tristesse suite au d\u00e9c\u00e8s de son directeur de Protocole d\u2019\u00c9tat, Mamadi Sinkoun Kaba, survenu le samedi 11 janvier 2025 \u00e0 Paris. Dans une d\u00e9claration empreinte d\u2019\u00e9motion, il a rendu un hommage poignant \u00e0 celui qu\u2019il consid\u00e9rait comme un fils. \u00ab C\u2019est avec une profonde tristesse [&hellip;]<\/p>\n","protected":false},"author":5,"featured_media":6899,"comment_status":"open","ping_status":"open","sticky":false,"template":"","format":"standard","meta":{"_siteseo_robots_primary_cat":"5","footnotes":""},"categories":[5],"tags":[],"class_list":["post-6898","post","type-post","status-publish","format-standard","has-post-thumbnail","hentry","category-slide"],"_links":{"self":[{"href":"https:\/\/lezenith.info\/index.php?rest_route=\/wp\/v2\/posts\/6898","targetHints":{"allow":["GET"]}}],"collection":[{"href":"https:\/\/lezenith.info\/index.php?rest_route=\/wp\/v2\/posts"}],"about":[{"href":"https:\/\/lezenith.info\/index.php?rest_route=\/wp\/v2\/types\/post"}],"author":[{"embeddable":true,"href":"https:\/\/lezenith.info\/index.php?rest_route=\/wp\/v2\/users\/5"}],"replies":[{"embeddable":true,"href":"https:\/\/lezenith.info\/index.php?rest_route=%2Fwp%2Fv2%2Fcomments&post=6898"}],"version-history":[{"count":1,"href":"https:\/\/lezenith.info\/index.php?rest_route=\/wp\/v2\/posts\/6898\/revisions"}],"predecessor-version":[{"id":6900,"href":"https:\/\/lezenith.info\/index.php?rest_route=\/wp\/v2\/posts\/6898\/revisions\/6900"}],"wp:featuredmedia":[{"embeddable":true,"href":"https:\/\/lezenith.info\/index.php?rest_route=\/wp\/v2\/media\/6899"}],"wp:attachment":[{"href":"https:\/\/lezenith.info\/index.php?rest_route=%2Fwp%2Fv2%2Fmedia&parent=6898"}],"wp:term":[{"taxonomy":"category","embeddable":true,"href":"https:\/\/lezenith.info\/index.php?rest_route=%2Fwp%2Fv2%2Fcategories&post=6898"},{"taxonomy":"post_tag","embeddable":true,"href":"https:\/\/lezenith.info\/index.php?rest_route=%2Fwp%2Fv2%2Ftags&post=6898"}],"curies":[{"name":"wp","href":"https:\/\/api.w.org\/{rel}","templated":true}]}}