{"id":6862,"date":"2025-01-10T17:58:19","date_gmt":"2025-01-10T17:58:19","guid":{"rendered":"https:\/\/lezenith.info\/?p=6862"},"modified":"2025-01-10T17:58:19","modified_gmt":"2025-01-10T17:58:19","slug":"conakry-decouverte-dun-corps-sans-vie-dans-une-zone-deguerpie-a-mafanco","status":"publish","type":"post","link":"https:\/\/lezenith.info\/?p=6862","title":{"rendered":"Conakry : D\u00e9couverte d\u2019un corps sans vie dans une zone d\u00e9guerpie \u00e0 Mafanco"},"content":{"rendered":"<p>&nbsp;<\/p>\n<p>Ce vendredi, aux alentours de 13h, les habitants du quartier Mafanco, dans la commune de Matam, ont d\u00e9couvert un corps sans vie dans une zone r\u00e9cemment d\u00e9guerpie par les autorit\u00e9s guin\u00e9ennes. Selon les informations disponibles, la victime, un citoyen sierra-l\u00e9onais, serait d\u00e9c\u00e9d\u00e9e des suites d\u2019une maladie.<\/p>\n<p>Connue pour ramasser des ordures dans le quartier, la victime souffrait depuis plusieurs jours de douleurs abdominales et thoraciques. Hier, des femmes au bord de la mer l&rsquo;avaient vu se plaindre de douleurs, tentant de lui fournir des m\u00e9dicaments, mais ce matin, il n\u2019a pas pu se lever et est d\u00e9c\u00e9d\u00e9.<\/p>\n<p><img loading=\"lazy\" decoding=\"async\" class=\"alignnone size-medium wp-image-6863\" src=\"https:\/\/lezenith.info\/wp-content\/uploads\/2025\/01\/IMG-20250110-WA0082-300x230.jpg\" alt=\"\" width=\"300\" height=\"230\" srcset=\"https:\/\/lezenith.info\/wp-content\/uploads\/2025\/01\/IMG-20250110-WA0082-300x230.jpg 300w, https:\/\/lezenith.info\/wp-content\/uploads\/2025\/01\/IMG-20250110-WA0082-768x590.jpg 768w, https:\/\/lezenith.info\/wp-content\/uploads\/2025\/01\/IMG-20250110-WA0082-750x576.jpg 750w, https:\/\/lezenith.info\/wp-content\/uploads\/2025\/01\/IMG-20250110-WA0082.jpg 789w\" sizes=\"auto, (max-width: 300px) 100vw, 300px\" \/><\/p>\n<p>Le colonel Mohamed Ndiaye, chef du service de la police technique et scientifique, s\u2019est rendu sur place pour constater les faits et a exprim\u00e9 son inqui\u00e9tude face au retour progressif des habitants dans cette zone d\u00e9guerpie.<\/p>\n<p>MOMOYA SYLLA<\/p>\n","protected":false},"excerpt":{"rendered":"<p>&nbsp; Ce vendredi, aux alentours de 13h, les habitants du quartier Mafanco, dans la commune de Matam, ont d\u00e9couvert un corps sans vie dans une zone r\u00e9cemment d\u00e9guerpie par les autorit\u00e9s guin\u00e9ennes. Selon les informations disponibles, la victime, un citoyen sierra-l\u00e9onais, serait d\u00e9c\u00e9d\u00e9e des suites d\u2019une maladie. Connue pour ramasser des ordures dans le quartier, [&hellip;]<\/p>\n","protected":false},"author":5,"featured_media":6865,"comment_status":"open","ping_status":"open","sticky":false,"template":"","format":"standard","meta":{"_siteseo_robots_primary_cat":"5","footnotes":""},"categories":[7],"tags":[],"class_list":["post-6862","post","type-post","status-publish","format-standard","has-post-thumbnail","hentry","category-societe"],"_links":{"self":[{"href":"https:\/\/lezenith.info\/index.php?rest_route=\/wp\/v2\/posts\/6862","targetHints":{"allow":["GET"]}}],"collection":[{"href":"https:\/\/lezenith.info\/index.php?rest_route=\/wp\/v2\/posts"}],"about":[{"href":"https:\/\/lezenith.info\/index.php?rest_route=\/wp\/v2\/types\/post"}],"author":[{"embeddable":true,"href":"https:\/\/lezenith.info\/index.php?rest_route=\/wp\/v2\/users\/5"}],"replies":[{"embeddable":true,"href":"https:\/\/lezenith.info\/index.php?rest_route=%2Fwp%2Fv2%2Fcomments&post=6862"}],"version-history":[{"count":1,"href":"https:\/\/lezenith.info\/index.php?rest_route=\/wp\/v2\/posts\/6862\/revisions"}],"predecessor-version":[{"id":6866,"href":"https:\/\/lezenith.info\/index.php?rest_route=\/wp\/v2\/posts\/6862\/revisions\/6866"}],"wp:featuredmedia":[{"embeddable":true,"href":"https:\/\/lezenith.info\/index.php?rest_route=\/wp\/v2\/media\/6865"}],"wp:attachment":[{"href":"https:\/\/lezenith.info\/index.php?rest_route=%2Fwp%2Fv2%2Fmedia&parent=6862"}],"wp:term":[{"taxonomy":"category","embeddable":true,"href":"https:\/\/lezenith.info\/index.php?rest_route=%2Fwp%2Fv2%2Fcategories&post=6862"},{"taxonomy":"post_tag","embeddable":true,"href":"https:\/\/lezenith.info\/index.php?rest_route=%2Fwp%2Fv2%2Ftags&post=6862"}],"curies":[{"name":"wp","href":"https:\/\/api.w.org\/{rel}","templated":true}]}}