{"id":6859,"date":"2025-01-10T16:59:46","date_gmt":"2025-01-10T16:59:46","guid":{"rendered":"https:\/\/lezenith.info\/?p=6859"},"modified":"2025-01-10T17:00:30","modified_gmt":"2025-01-10T17:00:30","slug":"gabon-le-22-mars-2025-les-gabonais-eliront-leur-nouveau-president","status":"publish","type":"post","link":"https:\/\/lezenith.info\/?p=6859","title":{"rendered":"Gabon : Le 22 mars 2025, les Gabonais \u00e9liront leur nouveau pr\u00e9sident"},"content":{"rendered":"<p>Lors de la traditionnelle c\u00e9r\u00e9monie de pr\u00e9sentation des v\u0153ux des Corps constitu\u00e9s de l&rsquo;\u00c9tat et des diplomates, le pr\u00e9sident de la transition du Gabon, Brice Oligui Nguema, a annonc\u00e9 que l&rsquo;\u00e9lection pr\u00e9sidentielle se tiendra le 22 mars 2025.<\/p>\n<p>Cette d\u00e9claration marque une \u00e9tape cl\u00e9 dans le processus de retour \u00e0 l\u2019ordre constitutionnel, entam\u00e9 apr\u00e8s la prise de pouvoir du Comit\u00e9 pour la Transition et la Restauration des Institutions (CTRI) le 30 ao\u00fbt 2023, suite \u00e0 la d\u00e9mission du pr\u00e9c\u00e9dent pr\u00e9sident. L&rsquo;annonce du scrutin intervient dans un contexte de normalisation politique, offrant aux Gabonais la possibilit\u00e9 de choisir leur nouveau pr\u00e9sident.<\/p>\n<p>Ce vote, tr\u00e8s attendu, repr\u00e9sente un moment d\u00e9cisif pour l&rsquo;avenir politique du pays, alors que les autorit\u00e9s de transition travaillent \u00e0 r\u00e9tablir la stabilit\u00e9 et la confiance des citoyens envers les institutions nationales.<\/p>\n<p>LA R\u00c9DACTION<\/p>\n<p>&nbsp;<\/p>\n","protected":false},"excerpt":{"rendered":"<p>Lors de la traditionnelle c\u00e9r\u00e9monie de pr\u00e9sentation des v\u0153ux des Corps constitu\u00e9s de l&rsquo;\u00c9tat et des diplomates, le pr\u00e9sident de la transition du Gabon, Brice Oligui Nguema, a annonc\u00e9 que l&rsquo;\u00e9lection pr\u00e9sidentielle se tiendra le 22 mars 2025. Cette d\u00e9claration marque une \u00e9tape cl\u00e9 dans le processus de retour \u00e0 l\u2019ordre constitutionnel, entam\u00e9 apr\u00e8s la [&hellip;]<\/p>\n","protected":false},"author":5,"featured_media":6861,"comment_status":"open","ping_status":"open","sticky":false,"template":"","format":"standard","meta":{"_siteseo_robots_primary_cat":"5","footnotes":""},"categories":[18],"tags":[],"class_list":["post-6859","post","type-post","status-publish","format-standard","has-post-thumbnail","hentry","category-afrique"],"_links":{"self":[{"href":"https:\/\/lezenith.info\/index.php?rest_route=\/wp\/v2\/posts\/6859","targetHints":{"allow":["GET"]}}],"collection":[{"href":"https:\/\/lezenith.info\/index.php?rest_route=\/wp\/v2\/posts"}],"about":[{"href":"https:\/\/lezenith.info\/index.php?rest_route=\/wp\/v2\/types\/post"}],"author":[{"embeddable":true,"href":"https:\/\/lezenith.info\/index.php?rest_route=\/wp\/v2\/users\/5"}],"replies":[{"embeddable":true,"href":"https:\/\/lezenith.info\/index.php?rest_route=%2Fwp%2Fv2%2Fcomments&post=6859"}],"version-history":[{"count":1,"href":"https:\/\/lezenith.info\/index.php?rest_route=\/wp\/v2\/posts\/6859\/revisions"}],"predecessor-version":[{"id":6860,"href":"https:\/\/lezenith.info\/index.php?rest_route=\/wp\/v2\/posts\/6859\/revisions\/6860"}],"wp:featuredmedia":[{"embeddable":true,"href":"https:\/\/lezenith.info\/index.php?rest_route=\/wp\/v2\/media\/6861"}],"wp:attachment":[{"href":"https:\/\/lezenith.info\/index.php?rest_route=%2Fwp%2Fv2%2Fmedia&parent=6859"}],"wp:term":[{"taxonomy":"category","embeddable":true,"href":"https:\/\/lezenith.info\/index.php?rest_route=%2Fwp%2Fv2%2Fcategories&post=6859"},{"taxonomy":"post_tag","embeddable":true,"href":"https:\/\/lezenith.info\/index.php?rest_route=%2Fwp%2Fv2%2Ftags&post=6859"}],"curies":[{"name":"wp","href":"https:\/\/api.w.org\/{rel}","templated":true}]}}