{"id":6849,"date":"2025-01-10T16:21:08","date_gmt":"2025-01-10T16:21:08","guid":{"rendered":"https:\/\/lezenith.info\/?p=6849"},"modified":"2025-01-10T16:21:08","modified_gmt":"2025-01-10T16:21:08","slug":"guinee-lufdg-accuse-le-pouvoir-de-persecution-apres-larrestation-de-deux-de-ses-responsables-dimanche","status":"publish","type":"post","link":"https:\/\/lezenith.info\/?p=6849","title":{"rendered":"Guin\u00e9e : L\u2019UFDG accuse le pouvoir de pers\u00e9cution apr\u00e8s l\u2019arrestation de deux de ses responsables dimanche\u00a0"},"content":{"rendered":"<p>&nbsp;<\/p>\n<p>L&rsquo;Union des Forces D\u00e9mocratiques de Guin\u00e9e (UFDG), dirig\u00e9e par Cellou Dalein Diallo, a vivement r\u00e9agi apr\u00e8s l&rsquo;arrestation de deux de ses cadres, Thierno Mamadou Bah et Diould\u00e9 Diallo, qualifiant ces actions de pers\u00e9cution politique. Dans un communiqu\u00e9 du 10 janvier 2025, le parti d\u00e9nonce l\u2019arrestation de ses membres dans le cadre des manifestations pacifiques du 6 janvier et exige leur lib\u00e9ration imm\u00e9diate, d\u00e9non\u00e7ant une r\u00e9pression syst\u00e9matique visant \u00e0 faire taire l\u2019opposition.<\/p>\n<p>Ci-dessous le communiqu\u00e9 :<\/p>\n<p><img loading=\"lazy\" decoding=\"async\" class=\"alignnone size-medium wp-image-6850\" src=\"https:\/\/lezenith.info\/wp-content\/uploads\/2025\/01\/IMG-20250110-WA00432-1-212x300.jpg\" alt=\"\" width=\"212\" height=\"300\" srcset=\"https:\/\/lezenith.info\/wp-content\/uploads\/2025\/01\/IMG-20250110-WA00432-1-212x300.jpg 212w, https:\/\/lezenith.info\/wp-content\/uploads\/2025\/01\/IMG-20250110-WA00432-1-723x1024.jpg 723w, https:\/\/lezenith.info\/wp-content\/uploads\/2025\/01\/IMG-20250110-WA00432-1-768x1087.jpg 768w, https:\/\/lezenith.info\/wp-content\/uploads\/2025\/01\/IMG-20250110-WA00432-1-750x1062.jpg 750w, https:\/\/lezenith.info\/wp-content\/uploads\/2025\/01\/IMG-20250110-WA00432-1.jpg 904w\" sizes=\"auto, (max-width: 212px) 100vw, 212px\" \/><\/p>\n<p>&nbsp;<\/p>\n<p>&nbsp;<\/p>\n","protected":false},"excerpt":{"rendered":"<p>&nbsp; L&rsquo;Union des Forces D\u00e9mocratiques de Guin\u00e9e (UFDG), dirig\u00e9e par Cellou Dalein Diallo, a vivement r\u00e9agi apr\u00e8s l&rsquo;arrestation de deux de ses cadres, Thierno Mamadou Bah et Diould\u00e9 Diallo, qualifiant ces actions de pers\u00e9cution politique. Dans un communiqu\u00e9 du 10 janvier 2025, le parti d\u00e9nonce l\u2019arrestation de ses membres dans le cadre des manifestations pacifiques [&hellip;]<\/p>\n","protected":false},"author":5,"featured_media":6851,"comment_status":"open","ping_status":"open","sticky":false,"template":"","format":"standard","meta":{"_siteseo_robots_primary_cat":"5","footnotes":""},"categories":[11],"tags":[],"class_list":["post-6849","post","type-post","status-publish","format-standard","has-post-thumbnail","hentry","category-politique"],"_links":{"self":[{"href":"https:\/\/lezenith.info\/index.php?rest_route=\/wp\/v2\/posts\/6849","targetHints":{"allow":["GET"]}}],"collection":[{"href":"https:\/\/lezenith.info\/index.php?rest_route=\/wp\/v2\/posts"}],"about":[{"href":"https:\/\/lezenith.info\/index.php?rest_route=\/wp\/v2\/types\/post"}],"author":[{"embeddable":true,"href":"https:\/\/lezenith.info\/index.php?rest_route=\/wp\/v2\/users\/5"}],"replies":[{"embeddable":true,"href":"https:\/\/lezenith.info\/index.php?rest_route=%2Fwp%2Fv2%2Fcomments&post=6849"}],"version-history":[{"count":1,"href":"https:\/\/lezenith.info\/index.php?rest_route=\/wp\/v2\/posts\/6849\/revisions"}],"predecessor-version":[{"id":6852,"href":"https:\/\/lezenith.info\/index.php?rest_route=\/wp\/v2\/posts\/6849\/revisions\/6852"}],"wp:featuredmedia":[{"embeddable":true,"href":"https:\/\/lezenith.info\/index.php?rest_route=\/wp\/v2\/media\/6851"}],"wp:attachment":[{"href":"https:\/\/lezenith.info\/index.php?rest_route=%2Fwp%2Fv2%2Fmedia&parent=6849"}],"wp:term":[{"taxonomy":"category","embeddable":true,"href":"https:\/\/lezenith.info\/index.php?rest_route=%2Fwp%2Fv2%2Fcategories&post=6849"},{"taxonomy":"post_tag","embeddable":true,"href":"https:\/\/lezenith.info\/index.php?rest_route=%2Fwp%2Fv2%2Ftags&post=6849"}],"curies":[{"name":"wp","href":"https:\/\/api.w.org\/{rel}","templated":true}]}}