{"id":6767,"date":"2025-01-09T14:42:26","date_gmt":"2025-01-09T14:42:26","guid":{"rendered":"https:\/\/lezenith.info\/?p=6767"},"modified":"2025-01-09T14:50:54","modified_gmt":"2025-01-09T14:50:54","slug":"guinee-le-ministre-ousmane-gaoual-diallo-evoque-lexil-des-opposants-et-quelques-indices-concernant-les-elections","status":"publish","type":"post","link":"https:\/\/lezenith.info\/?p=6767","title":{"rendered":"Guin\u00e9e : Le Ministre Ousmane Gaoual Diallo \u00e9voque l&rsquo;exil des opposants et quelques indices concernant les \u00e9lections"},"content":{"rendered":"<p>&nbsp;<\/p>\n<p>Le ministre des Transports et porte-parole du gouvernement, Ousmane Gaoual Diallo, a apport\u00e9 des \u00e9claircissements importants lors de son intervention sur RFI le 9 janvier 2025. Il a abord\u00e9 des points cl\u00e9s concernant l&rsquo;exil de certains opposants et la pr\u00e9paration des \u00e9lections \u00e0 venir.<\/p>\n<p>En ce qui concerne l&rsquo;exil des leaders politiques, le ministre a rejet\u00e9 les accusations selon lesquelles des figures comme Cellou Dalein Diallo et Sidya Tour\u00e9 auraient \u00e9t\u00e9 forc\u00e9es de quitter le pays en raison de leur opposition au r\u00e9gime. Ousmane Gaoual Diallo a affirm\u00e9 que \u00ab aucun responsable politique n\u2019a \u00e9t\u00e9 pouss\u00e9 \u00e0 l\u2019exil pour des raisons li\u00e9es \u00e0 la libert\u00e9 d\u2019expression ou \u00e0 des critiques \u00bb, pr\u00e9cisant que ces personnalit\u00e9s avaient quitt\u00e9 la Guin\u00e9e \u00ab de leur propre volont\u00e9 \u00bb et qu\u2019aucune proc\u00e9dure judiciaire n\u2019\u00e9tait en cours \u00e0 leur encontre.<\/p>\n<p>En parall\u00e8le, le ministre a fourni des indices sur le retour \u00e0 l&rsquo;ordre constitutionnel en Guin\u00e9e. Il a annonc\u00e9 qu\u2019un r\u00e9f\u00e9rendum pourrait avoir lieu en mai 2025 pour examiner les r\u00e9formes constitutionnelles n\u00e9cessaires. Concernant les \u00e9lections pr\u00e9sidentielles et l\u00e9gislatives, Ousmane Gaoual Diallo a indiqu\u00e9 que celles-ci pourraient se tenir au d\u00e9but du quatri\u00e8me trimestre de 2025, probablement en octobre, en raison des d\u00e9fis logistiques pos\u00e9s par la saison des pluies.<\/p>\n<p>MOMOYA SYLLA<\/p>\n<p>&nbsp;<\/p>\n<p>&nbsp;<\/p>\n","protected":false},"excerpt":{"rendered":"<p>&nbsp; Le ministre des Transports et porte-parole du gouvernement, Ousmane Gaoual Diallo, a apport\u00e9 des \u00e9claircissements importants lors de son intervention sur RFI le 9 janvier 2025. Il a abord\u00e9 des points cl\u00e9s concernant l&rsquo;exil de certains opposants et la pr\u00e9paration des \u00e9lections \u00e0 venir. En ce qui concerne l&rsquo;exil des leaders politiques, le ministre [&hellip;]<\/p>\n","protected":false},"author":5,"featured_media":6775,"comment_status":"open","ping_status":"open","sticky":false,"template":"","format":"standard","meta":{"_siteseo_robots_primary_cat":"5","footnotes":""},"categories":[5],"tags":[],"class_list":["post-6767","post","type-post","status-publish","format-standard","has-post-thumbnail","hentry","category-slide"],"_links":{"self":[{"href":"https:\/\/lezenith.info\/index.php?rest_route=\/wp\/v2\/posts\/6767","targetHints":{"allow":["GET"]}}],"collection":[{"href":"https:\/\/lezenith.info\/index.php?rest_route=\/wp\/v2\/posts"}],"about":[{"href":"https:\/\/lezenith.info\/index.php?rest_route=\/wp\/v2\/types\/post"}],"author":[{"embeddable":true,"href":"https:\/\/lezenith.info\/index.php?rest_route=\/wp\/v2\/users\/5"}],"replies":[{"embeddable":true,"href":"https:\/\/lezenith.info\/index.php?rest_route=%2Fwp%2Fv2%2Fcomments&post=6767"}],"version-history":[{"count":1,"href":"https:\/\/lezenith.info\/index.php?rest_route=\/wp\/v2\/posts\/6767\/revisions"}],"predecessor-version":[{"id":6771,"href":"https:\/\/lezenith.info\/index.php?rest_route=\/wp\/v2\/posts\/6767\/revisions\/6771"}],"wp:featuredmedia":[{"embeddable":true,"href":"https:\/\/lezenith.info\/index.php?rest_route=\/wp\/v2\/media\/6775"}],"wp:attachment":[{"href":"https:\/\/lezenith.info\/index.php?rest_route=%2Fwp%2Fv2%2Fmedia&parent=6767"}],"wp:term":[{"taxonomy":"category","embeddable":true,"href":"https:\/\/lezenith.info\/index.php?rest_route=%2Fwp%2Fv2%2Fcategories&post=6767"},{"taxonomy":"post_tag","embeddable":true,"href":"https:\/\/lezenith.info\/index.php?rest_route=%2Fwp%2Fv2%2Ftags&post=6767"}],"curies":[{"name":"wp","href":"https:\/\/api.w.org\/{rel}","templated":true}]}}