{"id":6456,"date":"2025-01-04T18:10:36","date_gmt":"2025-01-04T18:10:36","guid":{"rendered":"https:\/\/lezenith.info\/?p=6456"},"modified":"2025-01-04T18:10:36","modified_gmt":"2025-01-04T18:10:36","slug":"manifs-des-fvg-quils-manifestent-le-ministre-gaoual-repond-avec-humour-et-defi","status":"publish","type":"post","link":"https:\/\/lezenith.info\/?p=6456","title":{"rendered":"Manifs des FVG : \u00ab Qu&rsquo;ils manifestent \u00bb. Le ministre Gaoual r\u00e9pond avec humour et d\u00e9fi"},"content":{"rendered":"<p>&nbsp;<\/p>\n<p>Le ministre des Transports et porte-parole du gouvernement, Ousmane Gaoual Diallo, a r\u00e9agi avec ironie et l\u00e9g\u00e8ret\u00e9 \u00e0 l&rsquo;appel \u00e0 la manifestation du 6 janvier 2025. Dans une intervention sur RFI, lors de l&rsquo;\u00e9mission Fulfuld\u00e9, le ministre a exprim\u00e9 une confiance apparente, minimisant la port\u00e9e de l&rsquo;initiative.<\/p>\n<p>\u00ab Nous n\u2019avons peur de rien. Personne n\u2019est inquiet. Qu\u2019ils manifestent, ce n\u2019est pas un probl\u00e8me \u00bb, a d\u00e9clar\u00e9 Ousmane Gaoual Diallo, avec un ton humoristique. Cette remarque semblait r\u00e9duire l&rsquo;impact de la manifestation et mettre en avant la s\u00e9r\u00e9nit\u00e9 du gouvernement face \u00e0 l&rsquo;appel des forces vives.<\/p>\n<p>Cependant, apr\u00e8s cette r\u00e9ponse d\u00e9tendue, le ministre Ousmane Gaoual Diallo a chang\u00e9 de ton pour adopter une position plus ferme. Il a invit\u00e9 les organisateurs de la manifestation \u00e0 cesser de \u00ab d\u00e9nigrer leur pays \u00bb et les a encourag\u00e9s \u00e0 r\u00e9pondre positivement \u00e0 l&rsquo;appel au dialogue. Selon lui, malgr\u00e9 plusieurs invitations du gouvernement \u00e0 la n\u00e9gociation, ces forces continuent de refuser toute forme de discussion :<\/p>\n<p>\u00ab \u00c0 chaque fois qu\u2019on les appelle pour dialoguer, ils opposent un refus \u00bb, a d\u00e9plor\u00e9 Gaoual Diallo. Il a ainsi accus\u00e9 les forces vives d\u2019\u00eatre \u00ab d\u00e9connect\u00e9es de la r\u00e9alit\u00e9 \u00bb tout en r\u00e9affirmant la disponibilit\u00e9 du gouvernement \u00e0 discuter avec ceux pr\u00eats \u00e0 dialoguer.<\/p>\n<p>Les propos de porte-parole du gouvernement illustrent la fermet\u00e9 du gouvernement, qui, tout en restant ouvert \u00e0 la discussion, ne semble pas pr\u00eat \u00e0 c\u00e9der \u00e0 la pression des manifestants \u00e0 l\u2019approche du 6 janvier 2025.<\/p>\n<p>FATOUMATA BINTA BALD\u00c9<\/p>\n<p>&nbsp;<\/p>\n<p>&nbsp;<\/p>\n","protected":false},"excerpt":{"rendered":"<p>&nbsp; Le ministre des Transports et porte-parole du gouvernement, Ousmane Gaoual Diallo, a r\u00e9agi avec ironie et l\u00e9g\u00e8ret\u00e9 \u00e0 l&rsquo;appel \u00e0 la manifestation du 6 janvier 2025. Dans une intervention sur RFI, lors de l&rsquo;\u00e9mission Fulfuld\u00e9, le ministre a exprim\u00e9 une confiance apparente, minimisant la port\u00e9e de l&rsquo;initiative. \u00ab Nous n\u2019avons peur de rien. Personne [&hellip;]<\/p>\n","protected":false},"author":5,"featured_media":6457,"comment_status":"open","ping_status":"open","sticky":false,"template":"","format":"standard","meta":{"_siteseo_robots_primary_cat":"5","footnotes":""},"categories":[5],"tags":[],"class_list":["post-6456","post","type-post","status-publish","format-standard","has-post-thumbnail","hentry","category-slide"],"_links":{"self":[{"href":"https:\/\/lezenith.info\/index.php?rest_route=\/wp\/v2\/posts\/6456","targetHints":{"allow":["GET"]}}],"collection":[{"href":"https:\/\/lezenith.info\/index.php?rest_route=\/wp\/v2\/posts"}],"about":[{"href":"https:\/\/lezenith.info\/index.php?rest_route=\/wp\/v2\/types\/post"}],"author":[{"embeddable":true,"href":"https:\/\/lezenith.info\/index.php?rest_route=\/wp\/v2\/users\/5"}],"replies":[{"embeddable":true,"href":"https:\/\/lezenith.info\/index.php?rest_route=%2Fwp%2Fv2%2Fcomments&post=6456"}],"version-history":[{"count":1,"href":"https:\/\/lezenith.info\/index.php?rest_route=\/wp\/v2\/posts\/6456\/revisions"}],"predecessor-version":[{"id":6458,"href":"https:\/\/lezenith.info\/index.php?rest_route=\/wp\/v2\/posts\/6456\/revisions\/6458"}],"wp:featuredmedia":[{"embeddable":true,"href":"https:\/\/lezenith.info\/index.php?rest_route=\/wp\/v2\/media\/6457"}],"wp:attachment":[{"href":"https:\/\/lezenith.info\/index.php?rest_route=%2Fwp%2Fv2%2Fmedia&parent=6456"}],"wp:term":[{"taxonomy":"category","embeddable":true,"href":"https:\/\/lezenith.info\/index.php?rest_route=%2Fwp%2Fv2%2Fcategories&post=6456"},{"taxonomy":"post_tag","embeddable":true,"href":"https:\/\/lezenith.info\/index.php?rest_route=%2Fwp%2Fv2%2Ftags&post=6456"}],"curies":[{"name":"wp","href":"https:\/\/api.w.org\/{rel}","templated":true}]}}