{"id":6453,"date":"2025-01-04T17:36:21","date_gmt":"2025-01-04T17:36:21","guid":{"rendered":"https:\/\/lezenith.info\/?p=6453"},"modified":"2025-01-04T17:36:21","modified_gmt":"2025-01-04T17:36:21","slug":"guinee-cellou-dalein-diallo-demande-la-mobilisation-pour-la-manifestation-du-6-janvier-2025","status":"publish","type":"post","link":"https:\/\/lezenith.info\/?p=6453","title":{"rendered":"Guin\u00e9e : Cellou Dalein Diallo demande la mobilisation pour la manifestation du 6 janvier 2025"},"content":{"rendered":"<p>&nbsp;<\/p>\n<p>Dans un message adress\u00e9 \u00e0 ses militants et sympathisants, Cellou Dalein Diallo, le pr\u00e9sident de l&rsquo;UFDG, a exprim\u00e9 son soutien \u00e0 la manifestation pacifique organis\u00e9e par les Forces Vives de Guin\u00e9e (FVG), pr\u00e9vue pour le 6 janvier 2025 dans le Grand Conakry. \u00c0 travers sa page Facebook, il invite tous les Guin\u00e9ens \u00e9pris de justice et de libert\u00e9 \u00e0 r\u00e9pondre massivement \u00e0 cet appel.<\/p>\n<p>\u00ab J\u2019invite les militants et sympathisants de l\u2019UFDG et de l\u2019ANAD ainsi que tous les Guin\u00e9ens \u00e9pris de justice et de libert\u00e9 \u00e0 r\u00e9pondre, avec la plus grande combativit\u00e9, au mot d\u2019ordre de manifestation pacifique lanc\u00e9 par les FVG \u00e0 partir du lundi 6 janvier 2025 dans le Grand Conakry. \u00bb<\/p>\n<p>Dans son message, Cellou Dalein Diallo souligne l\u2019importance de la d\u00e9termination collective pour faire de cette manifestation un succ\u00e8s. Il appelle \u00e0 une mobilisation g\u00e9n\u00e9rale pour exiger le d\u00e9part de la junte au pouvoir.<\/p>\n<p>\u00ab Je compte sur la d\u00e9termination de tous pour conf\u00e9rer \u00e0 cette manifestation, organis\u00e9e pour exiger le d\u00e9part de la junte, le succ\u00e8s qu\u2019elle m\u00e9rite. \u00bb<\/p>\n<p>Ces d\u00e9clarations r\u00e9v\u00e8lent la position r\u00e9solue de l&rsquo;UFDG face \u00e0 la situation politique actuelle en Guin\u00e9e et annoncent une nouvelle \u00e9tape dans la lutte pour un retour \u00e0 la d\u00e9mocratie et \u00e0 la justice sociale dans le pays.<\/p>\n<p>LA R\u00c9DACTION<\/p>\n<p>&nbsp;<\/p>\n<p>&nbsp;<\/p>\n","protected":false},"excerpt":{"rendered":"<p>&nbsp; Dans un message adress\u00e9 \u00e0 ses militants et sympathisants, Cellou Dalein Diallo, le pr\u00e9sident de l&rsquo;UFDG, a exprim\u00e9 son soutien \u00e0 la manifestation pacifique organis\u00e9e par les Forces Vives de Guin\u00e9e (FVG), pr\u00e9vue pour le 6 janvier 2025 dans le Grand Conakry. \u00c0 travers sa page Facebook, il invite tous les Guin\u00e9ens \u00e9pris de [&hellip;]<\/p>\n","protected":false},"author":5,"featured_media":6454,"comment_status":"open","ping_status":"open","sticky":false,"template":"","format":"standard","meta":{"_siteseo_robots_primary_cat":"5","footnotes":""},"categories":[11],"tags":[],"class_list":["post-6453","post","type-post","status-publish","format-standard","has-post-thumbnail","hentry","category-politique"],"_links":{"self":[{"href":"https:\/\/lezenith.info\/index.php?rest_route=\/wp\/v2\/posts\/6453","targetHints":{"allow":["GET"]}}],"collection":[{"href":"https:\/\/lezenith.info\/index.php?rest_route=\/wp\/v2\/posts"}],"about":[{"href":"https:\/\/lezenith.info\/index.php?rest_route=\/wp\/v2\/types\/post"}],"author":[{"embeddable":true,"href":"https:\/\/lezenith.info\/index.php?rest_route=\/wp\/v2\/users\/5"}],"replies":[{"embeddable":true,"href":"https:\/\/lezenith.info\/index.php?rest_route=%2Fwp%2Fv2%2Fcomments&post=6453"}],"version-history":[{"count":1,"href":"https:\/\/lezenith.info\/index.php?rest_route=\/wp\/v2\/posts\/6453\/revisions"}],"predecessor-version":[{"id":6455,"href":"https:\/\/lezenith.info\/index.php?rest_route=\/wp\/v2\/posts\/6453\/revisions\/6455"}],"wp:featuredmedia":[{"embeddable":true,"href":"https:\/\/lezenith.info\/index.php?rest_route=\/wp\/v2\/media\/6454"}],"wp:attachment":[{"href":"https:\/\/lezenith.info\/index.php?rest_route=%2Fwp%2Fv2%2Fmedia&parent=6453"}],"wp:term":[{"taxonomy":"category","embeddable":true,"href":"https:\/\/lezenith.info\/index.php?rest_route=%2Fwp%2Fv2%2Fcategories&post=6453"},{"taxonomy":"post_tag","embeddable":true,"href":"https:\/\/lezenith.info\/index.php?rest_route=%2Fwp%2Fv2%2Ftags&post=6453"}],"curies":[{"name":"wp","href":"https:\/\/api.w.org\/{rel}","templated":true}]}}