{"id":6450,"date":"2025-01-04T17:24:55","date_gmt":"2025-01-04T17:24:55","guid":{"rendered":"https:\/\/lezenith.info\/?p=6450"},"modified":"2025-01-04T17:24:55","modified_gmt":"2025-01-04T17:24:55","slug":"guinee-le-president-sidya-toure-appelle-ses-militants-a-repondre-present-lors-de-la-manifestation-du-6-janvier","status":"publish","type":"post","link":"https:\/\/lezenith.info\/?p=6450","title":{"rendered":"Guin\u00e9e : Le pr\u00e9sident Sidya Tour\u00e9 appelle ses militants \u00e0 r\u00e9pondre pr\u00e9sent lors de la manifestation du 6 janvier"},"content":{"rendered":"<p>&nbsp;<\/p>\n<p>\u00c0 quelques heures de la manifestation pr\u00e9vue pour le lundi 6 janvier 2025 dans le Grand-Conakry, les forces vives de Guin\u00e9e, compos\u00e9es de plusieurs partis politiques et organisations de la soci\u00e9t\u00e9 civile, se pr\u00e9parent \u00e0 faire entendre leur voix. Lors de l&rsquo;assembl\u00e9e g\u00e9n\u00e9rale hebdomadaire de l&rsquo;Union des Forces R\u00e9publicaines (UFR), le pr\u00e9sident Sidya Tour\u00e9 a pris la parole ce samedi par appel t\u00e9l\u00e9phonique, appelant ses partisans \u00e0 la mobilisation.<\/p>\n<p>Le leader de l&rsquo;UFR a exprim\u00e9 ses pr\u00e9occupations face \u00e0 la situation politique actuelle en Guin\u00e9e, d\u00e9non\u00e7ant l&rsquo;absence de dialogue avec le gouvernement:<\/p>\n<p>\u00ab Aucun dialogue n\u2019a \u00e9t\u00e9 entam\u00e9 avec les autorit\u00e9s militaires. Aujourd\u2019hui, la confiance est rompue. C\u2019est pourquoi nous avons d\u00e9cid\u00e9 de manifester le 6 janvier \u00bb, a-t-il d\u00e9clar\u00e9.<\/p>\n<p>Sidya Tour\u00e9 a insist\u00e9 sur le caract\u00e8re pacifique de la manifestation, appelant ses militants \u00e0 faire entendre leurs voix de mani\u00e8re non violente :<\/p>\n<p>\u00ab Il ne s&rsquo;agit pas de jeter des pierres ou de provoquer des violences, mais de montrer que ceux qui ne sont pas d\u2019accord ont le droit de le dire et de se faire entendre \u00bb, a-t-il pr\u00e9cis\u00e9.<\/p>\n<p>Dans un ton solennel, il a rappel\u00e9 l\u2019importance de l\u2019unit\u00e9 nationale et de la diversit\u00e9 des opinions dans une d\u00e9mocratie :<\/p>\n<p>\u00ab La Guin\u00e9e n\u2019appartient pas \u00e0 une seule personne. Elle ne peut pas d\u00e9pendre d\u2019un seul individu. La Guin\u00e9e, c\u2019est tous les Guin\u00e9ens. Mais si on emp\u00eache m\u00eame les citoyens d\u2019exprimer leur avis, comment peut-on esp\u00e9rer que notre pays progresse dans de telles conditions\u00bb<\/p>\n<p>Pour finir, Sidya Tour\u00e9 a encourag\u00e9 ses militants \u00e0 se pr\u00e9parer \u00e0 une mobilisation pacifique, soulignant que cette manifestation n&rsquo;est pas qu&rsquo;une simple protestation, mais un acte de r\u00e9sistance en faveur de la d\u00e9mocratie et de l\u2019avenir du pays.<\/p>\n<p>MOMOYA SYLLA<\/p>\n<p>&nbsp;<\/p>\n<p>&nbsp;<\/p>\n","protected":false},"excerpt":{"rendered":"<p>&nbsp; \u00c0 quelques heures de la manifestation pr\u00e9vue pour le lundi 6 janvier 2025 dans le Grand-Conakry, les forces vives de Guin\u00e9e, compos\u00e9es de plusieurs partis politiques et organisations de la soci\u00e9t\u00e9 civile, se pr\u00e9parent \u00e0 faire entendre leur voix. Lors de l&rsquo;assembl\u00e9e g\u00e9n\u00e9rale hebdomadaire de l&rsquo;Union des Forces R\u00e9publicaines (UFR), le pr\u00e9sident Sidya Tour\u00e9 [&hellip;]<\/p>\n","protected":false},"author":5,"featured_media":6451,"comment_status":"open","ping_status":"open","sticky":false,"template":"","format":"standard","meta":{"_siteseo_robots_primary_cat":"5","footnotes":""},"categories":[11],"tags":[],"class_list":["post-6450","post","type-post","status-publish","format-standard","has-post-thumbnail","hentry","category-politique"],"_links":{"self":[{"href":"https:\/\/lezenith.info\/index.php?rest_route=\/wp\/v2\/posts\/6450","targetHints":{"allow":["GET"]}}],"collection":[{"href":"https:\/\/lezenith.info\/index.php?rest_route=\/wp\/v2\/posts"}],"about":[{"href":"https:\/\/lezenith.info\/index.php?rest_route=\/wp\/v2\/types\/post"}],"author":[{"embeddable":true,"href":"https:\/\/lezenith.info\/index.php?rest_route=\/wp\/v2\/users\/5"}],"replies":[{"embeddable":true,"href":"https:\/\/lezenith.info\/index.php?rest_route=%2Fwp%2Fv2%2Fcomments&post=6450"}],"version-history":[{"count":1,"href":"https:\/\/lezenith.info\/index.php?rest_route=\/wp\/v2\/posts\/6450\/revisions"}],"predecessor-version":[{"id":6452,"href":"https:\/\/lezenith.info\/index.php?rest_route=\/wp\/v2\/posts\/6450\/revisions\/6452"}],"wp:featuredmedia":[{"embeddable":true,"href":"https:\/\/lezenith.info\/index.php?rest_route=\/wp\/v2\/media\/6451"}],"wp:attachment":[{"href":"https:\/\/lezenith.info\/index.php?rest_route=%2Fwp%2Fv2%2Fmedia&parent=6450"}],"wp:term":[{"taxonomy":"category","embeddable":true,"href":"https:\/\/lezenith.info\/index.php?rest_route=%2Fwp%2Fv2%2Fcategories&post=6450"},{"taxonomy":"post_tag","embeddable":true,"href":"https:\/\/lezenith.info\/index.php?rest_route=%2Fwp%2Fv2%2Ftags&post=6450"}],"curies":[{"name":"wp","href":"https:\/\/api.w.org\/{rel}","templated":true}]}}