{"id":4826,"date":"2024-12-14T19:45:44","date_gmt":"2024-12-14T19:45:44","guid":{"rendered":"https:\/\/lezenith.info\/?p=4826"},"modified":"2024-12-14T19:45:44","modified_gmt":"2024-12-14T19:45:44","slug":"le-premier-ministre-inaugure-un-entrepot-frigorifique-a-kankan-capable-de-conserver-300-tonnes-de-poisson","status":"publish","type":"post","link":"https:\/\/lezenith.info\/?p=4826","title":{"rendered":"Le Premier ministre inaugure un entrep\u00f4t frigorifique \u00e0 Kankan capable de conserver 300 tonnes de poisson"},"content":{"rendered":"<p>Le Premier ministre, Amadou Oury BAH, a inaugur\u00e9 un nouvel entrep\u00f4t frigorifique \u00e0 Kankan, en pr\u00e9sence de la ministre de la P\u00eache et de l\u2019\u00c9conomie maritime, ainsi que d\u2019autres membres du gouvernement. Ce projet, d\u2019une capacit\u00e9 de 1 000 m\u00e8tres cubes, permet de conserver entre 250 et 300 tonnes de poisson. Aliment\u00e9 par un g\u00e9n\u00e9rateur de 150 KVA, il constitue un soutien majeur pour la p\u00eache en Guin\u00e9e.<\/p>\n<p>Cette infrastructure s\u2019inscrit dans le cadre du Programme d\u2019appui \u00e0 la p\u00eache artisanale, visant \u00e0 garantir la disponibilit\u00e9 de poissons de qualit\u00e9, renforcer la s\u00e9curit\u00e9 alimentaire et soutenir les p\u00eacheurs locaux. Elle offre \u00e9galement de nouvelles opportunit\u00e9s \u00e9conomiques, notamment pour les femmes et les jeunes de la r\u00e9gion.<\/p>\n<p>Dans son discours, le Premier ministre a soulign\u00e9 que cet entrep\u00f4t est une premi\u00e8re \u00e9tape vers la cr\u00e9ation d\u2019un \u00e9cosyst\u00e8me autour de la p\u00eache. Il a \u00e9galement annonc\u00e9 des projets futurs pour d\u00e9velopper la pisciculture, un secteur strat\u00e9gique pour l\u2019\u00e9conomie du pays. Enfin, il a li\u00e9 ce projet au programme Simandou2040, ax\u00e9 sur une \u00e9conomie diversifi\u00e9e et inclusive.<\/p>\n<p>Fod\u00e9 Tour\u00e9<\/p>\n<p>&nbsp;<\/p>\n<p>&nbsp;<\/p>\n","protected":false},"excerpt":{"rendered":"<p>Le Premier ministre, Amadou Oury BAH, a inaugur\u00e9 un nouvel entrep\u00f4t frigorifique \u00e0 Kankan, en pr\u00e9sence de la ministre de la P\u00eache et de l\u2019\u00c9conomie maritime, ainsi que d\u2019autres membres du gouvernement. Ce projet, d\u2019une capacit\u00e9 de 1 000 m\u00e8tres cubes, permet de conserver entre 250 et 300 tonnes de poisson. Aliment\u00e9 par un g\u00e9n\u00e9rateur [&hellip;]<\/p>\n","protected":false},"author":5,"featured_media":4827,"comment_status":"open","ping_status":"open","sticky":false,"template":"","format":"standard","meta":{"_siteseo_robots_primary_cat":"5","footnotes":""},"categories":[5],"tags":[],"class_list":["post-4826","post","type-post","status-publish","format-standard","has-post-thumbnail","hentry","category-slide"],"_links":{"self":[{"href":"https:\/\/lezenith.info\/index.php?rest_route=\/wp\/v2\/posts\/4826","targetHints":{"allow":["GET"]}}],"collection":[{"href":"https:\/\/lezenith.info\/index.php?rest_route=\/wp\/v2\/posts"}],"about":[{"href":"https:\/\/lezenith.info\/index.php?rest_route=\/wp\/v2\/types\/post"}],"author":[{"embeddable":true,"href":"https:\/\/lezenith.info\/index.php?rest_route=\/wp\/v2\/users\/5"}],"replies":[{"embeddable":true,"href":"https:\/\/lezenith.info\/index.php?rest_route=%2Fwp%2Fv2%2Fcomments&post=4826"}],"version-history":[{"count":1,"href":"https:\/\/lezenith.info\/index.php?rest_route=\/wp\/v2\/posts\/4826\/revisions"}],"predecessor-version":[{"id":4828,"href":"https:\/\/lezenith.info\/index.php?rest_route=\/wp\/v2\/posts\/4826\/revisions\/4828"}],"wp:featuredmedia":[{"embeddable":true,"href":"https:\/\/lezenith.info\/index.php?rest_route=\/wp\/v2\/media\/4827"}],"wp:attachment":[{"href":"https:\/\/lezenith.info\/index.php?rest_route=%2Fwp%2Fv2%2Fmedia&parent=4826"}],"wp:term":[{"taxonomy":"category","embeddable":true,"href":"https:\/\/lezenith.info\/index.php?rest_route=%2Fwp%2Fv2%2Fcategories&post=4826"},{"taxonomy":"post_tag","embeddable":true,"href":"https:\/\/lezenith.info\/index.php?rest_route=%2Fwp%2Fv2%2Ftags&post=4826"}],"curies":[{"name":"wp","href":"https:\/\/api.w.org\/{rel}","templated":true}]}}