{"id":4810,"date":"2024-12-14T18:39:13","date_gmt":"2024-12-14T18:39:13","guid":{"rendered":"https:\/\/lezenith.info\/?p=4810"},"modified":"2024-12-14T18:47:28","modified_gmt":"2024-12-14T18:47:28","slug":"maitre-cheick-conde-reelu-a-la-tete-de-la-federation-guineenne-de-karate-pour-un-nouveau-mandat-de-4-ans","status":"publish","type":"post","link":"https:\/\/lezenith.info\/?p=4810","title":{"rendered":"Ma\u00eetre Cheick Cond\u00e9 r\u00e9\u00e9lu \u00e0 la t\u00eate de la F\u00e9d\u00e9ration Guin\u00e9enne de Karat\u00e9 pour un nouveau mandat de 4 ans"},"content":{"rendered":"<p>L&rsquo;assembl\u00e9e g\u00e9n\u00e9rale \u00e9lective de la F\u00e9d\u00e9ration Guin\u00e9enne de Karat\u00e9 et des Arts Martiaux Affinitaires (FEGUIKARATE) s&rsquo;est tenue ce samedi 14 d\u00e9cembre 2024 \u00e0 Conakry. Lors de cette rencontre, les membres statutaires ont renouvel\u00e9 leur confiance \u00e0 Ma\u00eetre Cheick Cond\u00e9, reconduit pour un nouveau mandat de quatre ans \u00e0 la t\u00eate de la F\u00e9d\u00e9ration.<\/p>\n<p>Le congr\u00e8s, organis\u00e9 dans la salle du Comit\u00e9 National Olympique et Sportif, a r\u00e9uni 16 membres statutaires repr\u00e9sentant les huit ligues r\u00e9gionales. Ma\u00eetre Cond\u00e9, \u00e0 la t\u00eate de la FEGUIKARATE depuis 2016 et r\u00e9\u00e9lu en 2020, a exprim\u00e9 son ambition de renforcer la place du karat\u00e9 guin\u00e9en sur la sc\u00e8ne internationale.<\/p>\n<p>Sous sa direction, le bureau ex\u00e9cutif, compos\u00e9 de 20 membres, dont six femmes, pr\u00e9voit d\u2019organiser des comp\u00e9titions nationales r\u00e9guli\u00e8res, de renforcer la formation des encadreurs et de d\u00e9velopper davantage la discipline en Guin\u00e9e, en enrichissant l\u2019armoire \u00e0 troph\u00e9es des s\u00e9lections nationales.<\/p>\n<p>Ibrahima Sory Soumah<\/p>\n<p>&nbsp;<\/p>\n","protected":false},"excerpt":{"rendered":"<p>L&rsquo;assembl\u00e9e g\u00e9n\u00e9rale \u00e9lective de la F\u00e9d\u00e9ration Guin\u00e9enne de Karat\u00e9 et des Arts Martiaux Affinitaires (FEGUIKARATE) s&rsquo;est tenue ce samedi 14 d\u00e9cembre 2024 \u00e0 Conakry. Lors de cette rencontre, les membres statutaires ont renouvel\u00e9 leur confiance \u00e0 Ma\u00eetre Cheick Cond\u00e9, reconduit pour un nouveau mandat de quatre ans \u00e0 la t\u00eate de la F\u00e9d\u00e9ration. Le congr\u00e8s, [&hellip;]<\/p>\n","protected":false},"author":5,"featured_media":4818,"comment_status":"open","ping_status":"open","sticky":false,"template":"","format":"standard","meta":{"_siteseo_robots_primary_cat":"5","footnotes":""},"categories":[2],"tags":[],"class_list":["post-4810","post","type-post","status-publish","format-standard","has-post-thumbnail","hentry","category-sports"],"_links":{"self":[{"href":"https:\/\/lezenith.info\/index.php?rest_route=\/wp\/v2\/posts\/4810","targetHints":{"allow":["GET"]}}],"collection":[{"href":"https:\/\/lezenith.info\/index.php?rest_route=\/wp\/v2\/posts"}],"about":[{"href":"https:\/\/lezenith.info\/index.php?rest_route=\/wp\/v2\/types\/post"}],"author":[{"embeddable":true,"href":"https:\/\/lezenith.info\/index.php?rest_route=\/wp\/v2\/users\/5"}],"replies":[{"embeddable":true,"href":"https:\/\/lezenith.info\/index.php?rest_route=%2Fwp%2Fv2%2Fcomments&post=4810"}],"version-history":[{"count":3,"href":"https:\/\/lezenith.info\/index.php?rest_route=\/wp\/v2\/posts\/4810\/revisions"}],"predecessor-version":[{"id":4815,"href":"https:\/\/lezenith.info\/index.php?rest_route=\/wp\/v2\/posts\/4810\/revisions\/4815"}],"wp:featuredmedia":[{"embeddable":true,"href":"https:\/\/lezenith.info\/index.php?rest_route=\/wp\/v2\/media\/4818"}],"wp:attachment":[{"href":"https:\/\/lezenith.info\/index.php?rest_route=%2Fwp%2Fv2%2Fmedia&parent=4810"}],"wp:term":[{"taxonomy":"category","embeddable":true,"href":"https:\/\/lezenith.info\/index.php?rest_route=%2Fwp%2Fv2%2Fcategories&post=4810"},{"taxonomy":"post_tag","embeddable":true,"href":"https:\/\/lezenith.info\/index.php?rest_route=%2Fwp%2Fv2%2Ftags&post=4810"}],"curies":[{"name":"wp","href":"https:\/\/api.w.org\/{rel}","templated":true}]}}