{"id":4798,"date":"2024-12-14T17:09:28","date_gmt":"2024-12-14T17:09:28","guid":{"rendered":"https:\/\/lezenith.info\/?p=4798"},"modified":"2024-12-14T17:09:28","modified_gmt":"2024-12-14T17:09:28","slug":"lufdg-soutient-la-manifestation-des-forces-vives-en-france-pour-exiger-la-fin-de-la-transition","status":"publish","type":"post","link":"https:\/\/lezenith.info\/?p=4798","title":{"rendered":"L\u2019UFDG soutient la manifestation des forces vives en France pour exiger la fin de la transition"},"content":{"rendered":"<p>L\u2019Union des Forces D\u00e9mocratiques de Guin\u00e9e (UFDG) a exprim\u00e9 son soutien total \u00e0 la manifestation pr\u00e9vue le 28 d\u00e9cembre en France par les forces vives de Guin\u00e9e. Ce rassemblement vise \u00e0 protester contre la prolongation de la transition et \u00e0 demander le d\u00e9part du pr\u00e9sident de la transition, le G\u00e9n\u00e9ral Mamadi Doumbouya.<\/p>\n<p>Bano Sow, vice-pr\u00e9sident de l\u2019UFDG, a lanc\u00e9 un appel pressant \u00e0 tous les militants, sympathisants et citoyens \u00e9pris de paix et de d\u00e9mocratie pour participer massivement \u00e0 cet \u00e9v\u00e9nement. Lors de son discours, il a d\u00e9clar\u00e9 : \u00ab Tous les Guin\u00e9ens et toutes les Guin\u00e9ennes, sans exception, ainsi que tous les citoyens pro-d\u00e9mocratie, sont solennellement convi\u00e9s \u00e0 prendre part \u00e0 la manifestation du 28 d\u00e9cembre \u00bb. Il a \u00e9galement exhort\u00e9 la diaspora guin\u00e9enne \u00e0 organiser des manifestations similaires dans d\u2019autres pays europ\u00e9ens et au-del\u00e0, afin de montrer l&rsquo;unit\u00e9 et la d\u00e9termination du peuple guin\u00e9en \u00e0 r\u00e9clamer des changements politiques en Guin\u00e9e.<\/p>\n<p>Selon Bano Sow, ce rassemblement doit \u00eatre un message fort pour mettre fin \u00e0 la dictature et rappeler que le changement politique en Guin\u00e9e repose avant tout sur les citoyens eux-m\u00eames : \u00ab Nous devons prendre nos responsabilit\u00e9s pour am\u00e9liorer notre situation \u00bb, a-t-il conclu.<\/p>\n<p>Kadiatou Bald\u00e9<\/p>\n<p>&nbsp;<\/p>\n<p>&nbsp;<\/p>\n","protected":false},"excerpt":{"rendered":"<p>L\u2019Union des Forces D\u00e9mocratiques de Guin\u00e9e (UFDG) a exprim\u00e9 son soutien total \u00e0 la manifestation pr\u00e9vue le 28 d\u00e9cembre en France par les forces vives de Guin\u00e9e. Ce rassemblement vise \u00e0 protester contre la prolongation de la transition et \u00e0 demander le d\u00e9part du pr\u00e9sident de la transition, le G\u00e9n\u00e9ral Mamadi Doumbouya. Bano Sow, vice-pr\u00e9sident [&hellip;]<\/p>\n","protected":false},"author":5,"featured_media":4799,"comment_status":"open","ping_status":"open","sticky":false,"template":"","format":"standard","meta":{"_siteseo_robots_primary_cat":"5","footnotes":""},"categories":[11],"tags":[],"class_list":["post-4798","post","type-post","status-publish","format-standard","has-post-thumbnail","hentry","category-politique"],"_links":{"self":[{"href":"https:\/\/lezenith.info\/index.php?rest_route=\/wp\/v2\/posts\/4798","targetHints":{"allow":["GET"]}}],"collection":[{"href":"https:\/\/lezenith.info\/index.php?rest_route=\/wp\/v2\/posts"}],"about":[{"href":"https:\/\/lezenith.info\/index.php?rest_route=\/wp\/v2\/types\/post"}],"author":[{"embeddable":true,"href":"https:\/\/lezenith.info\/index.php?rest_route=\/wp\/v2\/users\/5"}],"replies":[{"embeddable":true,"href":"https:\/\/lezenith.info\/index.php?rest_route=%2Fwp%2Fv2%2Fcomments&post=4798"}],"version-history":[{"count":1,"href":"https:\/\/lezenith.info\/index.php?rest_route=\/wp\/v2\/posts\/4798\/revisions"}],"predecessor-version":[{"id":4800,"href":"https:\/\/lezenith.info\/index.php?rest_route=\/wp\/v2\/posts\/4798\/revisions\/4800"}],"wp:featuredmedia":[{"embeddable":true,"href":"https:\/\/lezenith.info\/index.php?rest_route=\/wp\/v2\/media\/4799"}],"wp:attachment":[{"href":"https:\/\/lezenith.info\/index.php?rest_route=%2Fwp%2Fv2%2Fmedia&parent=4798"}],"wp:term":[{"taxonomy":"category","embeddable":true,"href":"https:\/\/lezenith.info\/index.php?rest_route=%2Fwp%2Fv2%2Fcategories&post=4798"},{"taxonomy":"post_tag","embeddable":true,"href":"https:\/\/lezenith.info\/index.php?rest_route=%2Fwp%2Fv2%2Ftags&post=4798"}],"curies":[{"name":"wp","href":"https:\/\/api.w.org\/{rel}","templated":true}]}}