{"id":4792,"date":"2024-12-14T16:08:50","date_gmt":"2024-12-14T16:08:50","guid":{"rendered":"https:\/\/lezenith.info\/?p=4792"},"modified":"2024-12-14T16:08:50","modified_gmt":"2024-12-14T16:08:50","slug":"gbessia-les-autorites-communales-en-guerre-contre-linsalubrite","status":"publish","type":"post","link":"https:\/\/lezenith.info\/?p=4792","title":{"rendered":"Gbessia : Les autorit\u00e9s communales en guerre contre l&rsquo;insalubrit\u00e9"},"content":{"rendered":"<p>Dans le cadre de l\u2019am\u00e9lioration des conditions de vie des habitants, la commune urbaine de Gbessia se distingue par une initiative ambitieuse pour assainir ses espaces publics. Loin des projecteurs et des distractions, les autorit\u00e9s ont lanc\u00e9 une vaste op\u00e9ration de nettoyage dans la nuit de vendredi \u00e0 samedi, visant \u00e0 \u00e9radiquer les amas d\u2019ordures qui encombrent les principaux carrefours de la ville, tels que le rond-point de Kondeboungny et l\u2019axe T1. Ces d\u00e9potoirs nuisent \u00e0 la circulation et alt\u00e8rent l\u2019environnement.<\/p>\n<p>Sous la supervision de M. Mory Diakit\u00e9, pr\u00e9sident de la d\u00e9l\u00e9gation sp\u00e9ciale de Gbessia, l&rsquo;op\u00e9ration a d\u00e9marr\u00e9 \u00e0 22 h, avec la participation de plusieurs cadres municipaux et de Khadija Sylla, cheffe de cabinet au gouvernement de la ville de Conakry. Les gardes communaux ont \u00e9t\u00e9 mobilis\u00e9s pour r\u00e9guler la circulation, assurant ainsi la fluidit\u00e9 du trafic.<\/p>\n<p>Cette action s\u2019inscrit dans un effort continu pour faire face \u00e0 l\u2019insalubrit\u00e9, un d\u00e9fi majeur pour Conakry.<\/p>\n<p>Amadou Diallo<\/p>\n<p>&nbsp;<\/p>\n<p>&nbsp;<\/p>\n","protected":false},"excerpt":{"rendered":"<p>Dans le cadre de l\u2019am\u00e9lioration des conditions de vie des habitants, la commune urbaine de Gbessia se distingue par une initiative ambitieuse pour assainir ses espaces publics. Loin des projecteurs et des distractions, les autorit\u00e9s ont lanc\u00e9 une vaste op\u00e9ration de nettoyage dans la nuit de vendredi \u00e0 samedi, visant \u00e0 \u00e9radiquer les amas d\u2019ordures [&hellip;]<\/p>\n","protected":false},"author":5,"featured_media":4793,"comment_status":"open","ping_status":"open","sticky":false,"template":"","format":"standard","meta":{"_siteseo_robots_primary_cat":"5","footnotes":""},"categories":[7],"tags":[],"class_list":["post-4792","post","type-post","status-publish","format-standard","has-post-thumbnail","hentry","category-societe"],"_links":{"self":[{"href":"https:\/\/lezenith.info\/index.php?rest_route=\/wp\/v2\/posts\/4792","targetHints":{"allow":["GET"]}}],"collection":[{"href":"https:\/\/lezenith.info\/index.php?rest_route=\/wp\/v2\/posts"}],"about":[{"href":"https:\/\/lezenith.info\/index.php?rest_route=\/wp\/v2\/types\/post"}],"author":[{"embeddable":true,"href":"https:\/\/lezenith.info\/index.php?rest_route=\/wp\/v2\/users\/5"}],"replies":[{"embeddable":true,"href":"https:\/\/lezenith.info\/index.php?rest_route=%2Fwp%2Fv2%2Fcomments&post=4792"}],"version-history":[{"count":1,"href":"https:\/\/lezenith.info\/index.php?rest_route=\/wp\/v2\/posts\/4792\/revisions"}],"predecessor-version":[{"id":4794,"href":"https:\/\/lezenith.info\/index.php?rest_route=\/wp\/v2\/posts\/4792\/revisions\/4794"}],"wp:featuredmedia":[{"embeddable":true,"href":"https:\/\/lezenith.info\/index.php?rest_route=\/wp\/v2\/media\/4793"}],"wp:attachment":[{"href":"https:\/\/lezenith.info\/index.php?rest_route=%2Fwp%2Fv2%2Fmedia&parent=4792"}],"wp:term":[{"taxonomy":"category","embeddable":true,"href":"https:\/\/lezenith.info\/index.php?rest_route=%2Fwp%2Fv2%2Fcategories&post=4792"},{"taxonomy":"post_tag","embeddable":true,"href":"https:\/\/lezenith.info\/index.php?rest_route=%2Fwp%2Fv2%2Ftags&post=4792"}],"curies":[{"name":"wp","href":"https:\/\/api.w.org\/{rel}","templated":true}]}}