{"id":4769,"date":"2024-12-14T11:59:39","date_gmt":"2024-12-14T11:59:39","guid":{"rendered":"https:\/\/lezenith.info\/?p=4769"},"modified":"2024-12-14T17:47:39","modified_gmt":"2024-12-14T17:47:39","slug":"ogp-la-greve-suspendue-grace-a-la-mediation-du-ca-tous-les-travailleurs-invites-a-reprendre-leur-poste-lundi","status":"publish","type":"post","link":"https:\/\/lezenith.info\/?p=4769","title":{"rendered":"OGP : La Gr\u00e8ve suspendue gr\u00e2ce \u00e0 la m\u00e9diation du CA, tous les travailleurs invit\u00e9s \u00e0 reprendre leur poste lundi"},"content":{"rendered":"<p>La Direction G\u00e9n\u00e9rale de l&rsquo;Office Guin\u00e9en de Publicit\u00e9 (OGP) annonce la suspension imm\u00e9diate de la gr\u00e8ve initi\u00e9e par le Collectif des Travailleurs. Cette issue favorable est le fruit de la m\u00e9diation efficace du Pr\u00e9sident du Conseil d&rsquo;Administration, El Hadj Thierno Mamadou Bah, Conseiller Personnel du Pr\u00e9sident de la R\u00e9publique. Gr\u00e2ce \u00e0 son leadership, des n\u00e9gociations constructives sont en cours, offrant une opportunit\u00e9 de r\u00e9soudre durablement la crise.<\/p>\n<p>Dans ce climat de r\u00e9conciliation, la Direction G\u00e9n\u00e9rale invite tous les travailleurs de l&rsquo;OGP \u00e0 reprendre leurs postes d\u00e8s le lundi 16 d\u00e9cembre 2024 \u00e0 8h pr\u00e9cises.<\/p>\n<p>Elle tient \u00e0 exprimer sa profonde gratitude envers tous ceux qui ont \u0153uvr\u00e9 \u00e0 la r\u00e9solution de ce conflit et se r\u00e9jouit du climat de coop\u00e9ration et d&rsquo;unit\u00e9 qui se dessine pour l&rsquo;avenir de l&rsquo;OGP.<\/p>\n<p>Pour la Direction G\u00e9n\u00e9rale,<\/p>\n<p>Le Directeur G\u00e9n\u00e9ral.<\/p>\n<p>La r\u00e9daction<\/p>\n<p>&nbsp;<\/p>\n<p>&nbsp;<\/p>\n","protected":false},"excerpt":{"rendered":"<p>La Direction G\u00e9n\u00e9rale de l&rsquo;Office Guin\u00e9en de Publicit\u00e9 (OGP) annonce la suspension imm\u00e9diate de la gr\u00e8ve initi\u00e9e par le Collectif des Travailleurs. Cette issue favorable est le fruit de la m\u00e9diation efficace du Pr\u00e9sident du Conseil d&rsquo;Administration, El Hadj Thierno Mamadou Bah, Conseiller Personnel du Pr\u00e9sident de la R\u00e9publique. Gr\u00e2ce \u00e0 son leadership, des n\u00e9gociations [&hellip;]<\/p>\n","protected":false},"author":5,"featured_media":4809,"comment_status":"open","ping_status":"open","sticky":false,"template":"","format":"standard","meta":{"_siteseo_robots_primary_cat":"5","footnotes":""},"categories":[5,9],"tags":[],"class_list":["post-4769","post","type-post","status-publish","format-standard","has-post-thumbnail","hentry","category-slide","category-actualites"],"_links":{"self":[{"href":"https:\/\/lezenith.info\/index.php?rest_route=\/wp\/v2\/posts\/4769","targetHints":{"allow":["GET"]}}],"collection":[{"href":"https:\/\/lezenith.info\/index.php?rest_route=\/wp\/v2\/posts"}],"about":[{"href":"https:\/\/lezenith.info\/index.php?rest_route=\/wp\/v2\/types\/post"}],"author":[{"embeddable":true,"href":"https:\/\/lezenith.info\/index.php?rest_route=\/wp\/v2\/users\/5"}],"replies":[{"embeddable":true,"href":"https:\/\/lezenith.info\/index.php?rest_route=%2Fwp%2Fv2%2Fcomments&post=4769"}],"version-history":[{"count":1,"href":"https:\/\/lezenith.info\/index.php?rest_route=\/wp\/v2\/posts\/4769\/revisions"}],"predecessor-version":[{"id":4771,"href":"https:\/\/lezenith.info\/index.php?rest_route=\/wp\/v2\/posts\/4769\/revisions\/4771"}],"wp:featuredmedia":[{"embeddable":true,"href":"https:\/\/lezenith.info\/index.php?rest_route=\/wp\/v2\/media\/4809"}],"wp:attachment":[{"href":"https:\/\/lezenith.info\/index.php?rest_route=%2Fwp%2Fv2%2Fmedia&parent=4769"}],"wp:term":[{"taxonomy":"category","embeddable":true,"href":"https:\/\/lezenith.info\/index.php?rest_route=%2Fwp%2Fv2%2Fcategories&post=4769"},{"taxonomy":"post_tag","embeddable":true,"href":"https:\/\/lezenith.info\/index.php?rest_route=%2Fwp%2Fv2%2Ftags&post=4769"}],"curies":[{"name":"wp","href":"https:\/\/api.w.org\/{rel}","templated":true}]}}