{"id":4744,"date":"2024-12-13T18:57:54","date_gmt":"2024-12-13T18:57:54","guid":{"rendered":"https:\/\/lezenith.info\/?p=4744"},"modified":"2024-12-13T18:57:54","modified_gmt":"2024-12-13T18:57:54","slug":"conakry-la-fejleg-valide-son-antenne-communale-a-ratoma-avec-succes","status":"publish","type":"post","link":"https:\/\/lezenith.info\/?p=4744","title":{"rendered":"Conakry : La FEJLEG valide son antenne communale \u00e0 Ratoma avec succ\u00e8s"},"content":{"rendered":"<p>Deux mois seulement apr\u00e8s le lancement de ses activit\u00e9s le 25 octobre dernier, la F\u00e9d\u00e9ration des Jeunes Leaders de Guin\u00e9e (FEJLEG) continue de se d\u00e9velopper et de conqu\u00e9rir le c\u0153ur des Guin\u00e9ens. Ce vendredi, elle a officiellement valid\u00e9 son antenne communale \u00e0 Ratoma, un \u00e9v\u00e9nement marquant qui s\u2019est d\u00e9roul\u00e9 \u00e0 la maison des jeunes de Nongo. Ce fut un moment historique, o\u00f9 le bureau ex\u00e9cutif de la FEJLEG a scell\u00e9 un pacte avec la population de Ratoma, venue en nombre pour soutenir l&rsquo;initiative.<\/p>\n<p>Dans son discours, le pr\u00e9sident de la FEJLEG, Als\u00e9ny S\u00e9kou Bangoura, a insist\u00e9 sur son engagement envers une jeunesse responsable et form\u00e9e :<\/p>\n<p>\u00ab Chers responsables de quartiers, populations de Ratoma, bonsoir. La F\u00e9d\u00e9ration des Jeunes Leaders de Guin\u00e9e est une organisation transversale, non partisane. Nous ne faisons pas partie d\u2019une structure politique. Toutes les couches de notre pays sont repr\u00e9sent\u00e9es dans cette organisation. Je tiens \u00e0 pr\u00e9ciser que je ne suis pas un pr\u00e9sident de fausses promesses, ni un distributeur de t-shirts ou d&rsquo;argent. Nous allons, ensemble, proposer des projets de formation pour renforcer vos capacit\u00e9s. \u00bb<\/p>\n<p>Le jeune entrepreneur Als\u00e9ny S\u00e9kou Bangoura a ensuite soulign\u00e9 l\u2019importance de la formation pour les jeunes : \u00ab Un jeune bien form\u00e9 ne restera jamais inactif dans son quartier. Autour\u00a0 du th\u00e9\u00a0 \u00bb Il a aussi annonc\u00e9 son intention de financer des projets de formation \u00e0 100%, appelant les jeunes \u00e0 soumettre leurs propositions.<\/p>\n<p>Cette antenne de Ratoma sera d\u00e9sormais un point focal pour r\u00e9unir les jeunes leaders, promouvoir la citoyennet\u00e9, la d\u00e9mocratie, la paix, le civisme, les droits de l\u2019Homme, et pr\u00e9venir les conflits \u00e0 travers des formations et des sensibilisations dans tout le pays.<\/p>\n<p>Amadou Diallo<\/p>\n<p>&nbsp;<\/p>\n","protected":false},"excerpt":{"rendered":"<p>Deux mois seulement apr\u00e8s le lancement de ses activit\u00e9s le 25 octobre dernier, la F\u00e9d\u00e9ration des Jeunes Leaders de Guin\u00e9e (FEJLEG) continue de se d\u00e9velopper et de conqu\u00e9rir le c\u0153ur des Guin\u00e9ens. Ce vendredi, elle a officiellement valid\u00e9 son antenne communale \u00e0 Ratoma, un \u00e9v\u00e9nement marquant qui s\u2019est d\u00e9roul\u00e9 \u00e0 la maison des jeunes de [&hellip;]<\/p>\n","protected":false},"author":5,"featured_media":4745,"comment_status":"open","ping_status":"open","sticky":false,"template":"","format":"standard","meta":{"_siteseo_robots_primary_cat":"5","footnotes":""},"categories":[9],"tags":[],"class_list":["post-4744","post","type-post","status-publish","format-standard","has-post-thumbnail","hentry","category-actualites"],"_links":{"self":[{"href":"https:\/\/lezenith.info\/index.php?rest_route=\/wp\/v2\/posts\/4744","targetHints":{"allow":["GET"]}}],"collection":[{"href":"https:\/\/lezenith.info\/index.php?rest_route=\/wp\/v2\/posts"}],"about":[{"href":"https:\/\/lezenith.info\/index.php?rest_route=\/wp\/v2\/types\/post"}],"author":[{"embeddable":true,"href":"https:\/\/lezenith.info\/index.php?rest_route=\/wp\/v2\/users\/5"}],"replies":[{"embeddable":true,"href":"https:\/\/lezenith.info\/index.php?rest_route=%2Fwp%2Fv2%2Fcomments&post=4744"}],"version-history":[{"count":1,"href":"https:\/\/lezenith.info\/index.php?rest_route=\/wp\/v2\/posts\/4744\/revisions"}],"predecessor-version":[{"id":4748,"href":"https:\/\/lezenith.info\/index.php?rest_route=\/wp\/v2\/posts\/4744\/revisions\/4748"}],"wp:featuredmedia":[{"embeddable":true,"href":"https:\/\/lezenith.info\/index.php?rest_route=\/wp\/v2\/media\/4745"}],"wp:attachment":[{"href":"https:\/\/lezenith.info\/index.php?rest_route=%2Fwp%2Fv2%2Fmedia&parent=4744"}],"wp:term":[{"taxonomy":"category","embeddable":true,"href":"https:\/\/lezenith.info\/index.php?rest_route=%2Fwp%2Fv2%2Fcategories&post=4744"},{"taxonomy":"post_tag","embeddable":true,"href":"https:\/\/lezenith.info\/index.php?rest_route=%2Fwp%2Fv2%2Ftags&post=4744"}],"curies":[{"name":"wp","href":"https:\/\/api.w.org\/{rel}","templated":true}]}}