{"id":4728,"date":"2024-12-13T13:34:07","date_gmt":"2024-12-13T13:34:07","guid":{"rendered":"https:\/\/lezenith.info\/?p=4728"},"modified":"2024-12-13T15:57:30","modified_gmt":"2024-12-13T15:57:30","slug":"france-emmanuel-macron-nomme-francois-bayrou-premier-ministre","status":"publish","type":"post","link":"https:\/\/lezenith.info\/?p=4728","title":{"rendered":"France : Emmanuel Macron nomme Fran\u00e7ois Bayrou Premier ministre"},"content":{"rendered":"<p>Le pr\u00e9sident fran\u00e7ais Emmanuel Macron a annonc\u00e9, ce vendredi 13 d\u00e9cembre, la nomination de son alli\u00e9 centriste Fran\u00e7ois Bayrou en tant que nouveau Premier ministre. Cette d\u00e9cision intervient apr\u00e8s des consultations complexes visant \u00e0 trouver un successeur \u00e0 Michel Barnier, qui a \u00e9t\u00e9 renvers\u00e9 la semaine derni\u00e8re par une motion de censure historique.<\/p>\n<p>Fran\u00e7ois Bayrou, figure de proue du centre politique en France et ancien ministre, a d\u00e9sormais la lourde t\u00e2che de prendre les r\u00eanes du gouvernement fran\u00e7ais. Sa nomination marque un tournant politique majeur pour le pays, alors que l&rsquo;administration Macron fait face \u00e0 des d\u00e9fis importants tant au niveau national qu&rsquo;international.<\/p>\n<p>Le choix de Bayrou, un proche de Macron et leader du MoDem (Mouvement D\u00e9mocrate), s&rsquo;inscrit dans une volont\u00e9 de renforcer la majorit\u00e9 centriste et d&rsquo;apporter une stabilit\u00e9 politique \u00e0 la France apr\u00e8s la crise gouvernementale qui a secou\u00e9 le pays avec la chute de Barnier. Ce remaniement survient alors que la France traverse une p\u00e9riode de tensions sociales et \u00e9conomiques.<\/p>\n<p>La r\u00e9daction<\/p>\n<p>&nbsp;<\/p>\n<p>&nbsp;<\/p>\n","protected":false},"excerpt":{"rendered":"<p>Le pr\u00e9sident fran\u00e7ais Emmanuel Macron a annonc\u00e9, ce vendredi 13 d\u00e9cembre, la nomination de son alli\u00e9 centriste Fran\u00e7ois Bayrou en tant que nouveau Premier ministre. Cette d\u00e9cision intervient apr\u00e8s des consultations complexes visant \u00e0 trouver un successeur \u00e0 Michel Barnier, qui a \u00e9t\u00e9 renvers\u00e9 la semaine derni\u00e8re par une motion de censure historique. Fran\u00e7ois Bayrou, [&hellip;]<\/p>\n","protected":false},"author":5,"featured_media":4740,"comment_status":"open","ping_status":"open","sticky":false,"template":"","format":"standard","meta":{"_siteseo_robots_primary_cat":"5","footnotes":""},"categories":[36],"tags":[],"class_list":["post-4728","post","type-post","status-publish","format-standard","has-post-thumbnail","hentry","category-monde"],"_links":{"self":[{"href":"https:\/\/lezenith.info\/index.php?rest_route=\/wp\/v2\/posts\/4728","targetHints":{"allow":["GET"]}}],"collection":[{"href":"https:\/\/lezenith.info\/index.php?rest_route=\/wp\/v2\/posts"}],"about":[{"href":"https:\/\/lezenith.info\/index.php?rest_route=\/wp\/v2\/types\/post"}],"author":[{"embeddable":true,"href":"https:\/\/lezenith.info\/index.php?rest_route=\/wp\/v2\/users\/5"}],"replies":[{"embeddable":true,"href":"https:\/\/lezenith.info\/index.php?rest_route=%2Fwp%2Fv2%2Fcomments&post=4728"}],"version-history":[{"count":1,"href":"https:\/\/lezenith.info\/index.php?rest_route=\/wp\/v2\/posts\/4728\/revisions"}],"predecessor-version":[{"id":4730,"href":"https:\/\/lezenith.info\/index.php?rest_route=\/wp\/v2\/posts\/4728\/revisions\/4730"}],"wp:featuredmedia":[{"embeddable":true,"href":"https:\/\/lezenith.info\/index.php?rest_route=\/wp\/v2\/media\/4740"}],"wp:attachment":[{"href":"https:\/\/lezenith.info\/index.php?rest_route=%2Fwp%2Fv2%2Fmedia&parent=4728"}],"wp:term":[{"taxonomy":"category","embeddable":true,"href":"https:\/\/lezenith.info\/index.php?rest_route=%2Fwp%2Fv2%2Fcategories&post=4728"},{"taxonomy":"post_tag","embeddable":true,"href":"https:\/\/lezenith.info\/index.php?rest_route=%2Fwp%2Fv2%2Ftags&post=4728"}],"curies":[{"name":"wp","href":"https:\/\/api.w.org\/{rel}","templated":true}]}}