{"id":11919,"date":"2026-04-27T16:23:24","date_gmt":"2026-04-27T16:23:24","guid":{"rendered":"https:\/\/lezenith.info\/?p=11919"},"modified":"2026-04-27T16:23:24","modified_gmt":"2026-04-27T16:23:24","slug":"guinee-lancement-officiel-du-groupe-media-afrique-environnement-une-nouvelle-voix-panafricaine-pour-lecologie-et-les-17-odd","status":"publish","type":"post","link":"https:\/\/lezenith.info\/?p=11919","title":{"rendered":"Guin\u00e9e: Lancement officiel du Groupe M\u00e9dia Afrique Environnement : une nouvelle voix panafricaine pour l\u2019\u00e9cologie et les 17 ODD"},"content":{"rendered":"<p>En R\u00e9publique de Guin\u00e9e, un nouveau m\u00e9dia panafricain sp\u00e9cialis\u00e9 dans le traitement des informations ax\u00e9es sur les 17 ODD et les Conventions Cadres des Nations Unies sur Changements Climatiques (CCNUCC), D\u00e9sertifications (UNCCD), Diversit\u00e9 Biologique (CDB) et Gestions des d\u00e9chets dangereux, la Pollutions et leur \u00e9limination (BRS) et d\u2019autres etc\u2026 Baptis\u00e9 le Groupe M\u00e9dia Afrique Environnement, ce m\u00e9dia se positionne comme une plateforme strat\u00e9gique d\u2019information th\u00e9matique enti\u00e8rement consacr\u00e9e \u00e0 l\u2019\u00e9cologique Africaine et au d\u00e9veloppement durable: Informer sur les enjeux environnementaux en Afrique; Analyser les politiques publiques et les engagements li\u00e9s aux ODD; Valoriser les initiatives locales et innovations durables; Donner la parole aux experts, chercheurs et acteurs de terrain.<\/p>\n<p><img loading=\"lazy\" decoding=\"async\" class=\"alignnone size-medium wp-image-11923\" src=\"https:\/\/lezenith.info\/wp-content\/uploads\/2026\/04\/TOURE-CIPAD-300x193.jpg\" alt=\"\" width=\"300\" height=\"193\" srcset=\"https:\/\/lezenith.info\/wp-content\/uploads\/2026\/04\/TOURE-CIPAD-300x193.jpg 300w, https:\/\/lezenith.info\/wp-content\/uploads\/2026\/04\/TOURE-CIPAD.jpg 582w\" sizes=\"auto, (max-width: 300px) 100vw, 300px\" \/><\/p>\n<p>\u00c0 travers cette approche, le groupe m\u00e9dia entend d\u00e9passer le traitement classique de l\u2019actualit\u00e9 pour proposer un journalisme de solutions, centr\u00e9 sur l\u2019impact Le Pr\u00e9sident\/Fondateur de l\u2019organisation Community Initiatives For Peace And Development (CIPAD International Guin\u00e9e) et Point Focal de l\u2019\u00c9conomie Sociale et Solidaire en Guin\u00e9e, Monsieur Mamady Aminata TOUR\u00c9, surnomm\u00e9 \u00ab Petit Tour\u00e9 \u00bb par ses pairs se bat pendant six (06) ans pour la r\u00e9alisation de ce vaste projet de communication. Ce jeune leader continue \u00e0 mettre les lobbys au niveau international aupr\u00e8s des d\u00e9cideurs du monde \u00e0 participer aux Assembl\u00e9es G\u00e9n\u00e9rales des Nations Unies (AGNU) au si\u00e8ge \u00e0 New York, Assembl\u00e9es Annuelles de la Banque Mondiale (BM) et Fonds Mon\u00e9taire International (FMI) \u00e0 Washington DC et aux Conf\u00e9rences des Parties (COPs) afin de comprendre la probl\u00e9matique de la crise climatique mondiale qui s\u00e9vit l\u2019humanit\u00e9.<\/p>\n<p><img loading=\"lazy\" decoding=\"async\" class=\"alignnone size-medium wp-image-11922\" src=\"https:\/\/lezenith.info\/wp-content\/uploads\/2026\/04\/TOURE-CIPAD-2-300x118.jpg\" alt=\"\" width=\"300\" height=\"118\" srcset=\"https:\/\/lezenith.info\/wp-content\/uploads\/2026\/04\/TOURE-CIPAD-2-300x118.jpg 300w, https:\/\/lezenith.info\/wp-content\/uploads\/2026\/04\/TOURE-CIPAD-2.jpg 700w\" sizes=\"auto, (max-width: 300px) 100vw, 300px\" \/><\/p>\n<p>C\u2019est dans cette optique le Pr\u00e9sident Directeur G\u00e9n\u00e9ral, monsieur. TOUR\u00c9 souhaite lancer ce puissant instrument : Groupe M\u00e9dia Afrique Environnement (1er M\u00e9dia Panafricain de l\u2019\u00c9cologie), sur \u00ab www.afriquenvironnement.com \u00bb, un site d\u2019information bilingue (Fran\u00e7ais, Anglais, Arabe, Espagnol et Portugais), ax\u00e9 sur les 17 Objectifs du D\u00e9veloppement Durable (ODD), qui reste le socle de l\u2019humanit\u00e9 et d\u2019opinions qui se veut comme une vitrine d\u2019information, d\u2019alerte, de sensibilisation, changement de comportement, \u00e9ducations, d\u2019\u00e9cocitoyennet\u00e9 pour la protections de la plan\u00e8te et ses corollaires. Pr\u00e9sent\u00e9 comme une initiative in\u00e9dite dans le paysage m\u00e9diatique continental, M\u00e9dia Afrique Environnement ambitionne de combler les insuffisances li\u00e9es \u00e0 la couverture des probl\u00e9matiques environnementales, tout en s\u2019inscrivant dans la dynamique \u00e0 promouvoir les 17 Objectifs de D\u00e9veloppement Durable (ODD) en Afrique, adopt\u00e9s en 2015 par les \u00c9tats membres de l\u2019Organisation des Nations Unies dans le cadre de l\u2019Agenda 2030. Ces objectifs visent \u00e0 am\u00e9liorer les conditions de vie des populations tout en prot\u00e9geant la plan\u00e8te et accompagner nos gouvernements Africains dans la mise en place et ex\u00e9cution de leur programme de d\u00e9veloppement locale et durable. Malgr\u00e9 la richesse des initiatives environnementales en Afrique, celles-ci restent encore peu visibles dans les espaces m\u00e9diatiques traditionnels. Par ailleurs, la complexit\u00e9 des enjeux li\u00e9s aux 17 Objectifs de D\u00e9veloppement Durable limite leur appropriation par le grand public.<\/p>\n<p><img loading=\"lazy\" decoding=\"async\" class=\"alignnone size-medium wp-image-11921\" src=\"https:\/\/lezenith.info\/wp-content\/uploads\/2026\/04\/TOURE-CIPAD-3-300x135.jpg\" alt=\"\" width=\"300\" height=\"135\" srcset=\"https:\/\/lezenith.info\/wp-content\/uploads\/2026\/04\/TOURE-CIPAD-3-300x135.jpg 300w, https:\/\/lezenith.info\/wp-content\/uploads\/2026\/04\/TOURE-CIPAD-3.jpg 700w\" sizes=\"auto, (max-width: 300px) 100vw, 300px\" \/><\/p>\n<p>Face \u00e0 ce constat, le Groupe M\u00e9dia Afrique Environnement se donne pour mission de :<\/p>\n<p>Vulgariser les enjeux environnementaux;<\/p>\n<p>Rendre accessibles les ODD;<\/p>\n<p>renforcer la sensibilisation citoyenne;<\/p>\n<p>Soutenir la transition \u00e9cologique du continent.<\/p>\n<p>Il entend apporter une r\u00e9ponse concr\u00e8te aux d\u00e9fis environnementaux croissants, tout en offrant un espace m\u00e9diatique sp\u00e9cialis\u00e9 sur les questions environnementales et \u00e9cologiques. Selon lui, en r\u00e9ponse aux appels r\u00e9p\u00e9t\u00e9s des Nations Unies, des chefs d\u2019\u00c9tat, des d\u00e9cideurs mondiaux et des influenceurs en faveur d\u2019actions concr\u00e8tes pour la mise en \u0153uvre de l\u2019Agenda 2030 et des 17 ODD \u2014 notamment face \u00e0 l\u2019avanc\u00e9e du d\u00e9sert et \u00e0 la crise climatique mondiale \u2014 le Groupe M\u00e9dia, pr\u00e9sent\u00e9 comme le \u00ab premier m\u00e9dia panafricain de l\u2019\u00e9cologie \u00bb, s\u2019engage, avec ses journalistes, reporters, experts, investigateurs, chercheurs, professionnels et correspondants, \u00e0 accompagner cette dynamique.<\/p>\n<p>Au c\u0153ur de son positionnement, le m\u00e9dia pr\u00eatant met en avant une approche r\u00e9solument tourn\u00e9e vers l\u2019avenir : valorisation des startups vertes africaines, promotion des pratiques agricoles durables, mise en lumi\u00e8re des projets d\u2019\u00e9nergies renouvelables, diffusion des initiatives communautaires \u00e0 fort impact.<\/p>\n<p><img loading=\"lazy\" decoding=\"async\" class=\"alignnone size-medium wp-image-11920\" src=\"https:\/\/lezenith.info\/wp-content\/uploads\/2026\/04\/TOURE-CIPAD-4-300x55.jpg\" alt=\"\" width=\"300\" height=\"55\" srcset=\"https:\/\/lezenith.info\/wp-content\/uploads\/2026\/04\/TOURE-CIPAD-4-300x55.jpg 300w, https:\/\/lezenith.info\/wp-content\/uploads\/2026\/04\/TOURE-CIPAD-4.jpg 700w\" sizes=\"auto, (max-width: 300px) 100vw, 300px\" \/><\/p>\n<p>L\u2019objectif est de contribuer \u00e0 la r\u00e9duction des \u00e9missions de gaz \u00e0 effet de serre (GES) afin de limiter l\u2019augmentation des temp\u00e9ratures en dessous de 2 \u00b0C et partout en Afrique .\u00c0 travers cette d\u00e9marche, Mamady Aminata ambitionne de faire d\u2019Afrique M\u00e9dia Environnement une r\u00e9f\u00e9rence panafricaine dans le traitement des questions li\u00e9es \u00e0 l\u2019\u00e9cologie et au d\u00e9veloppement durable.<\/p>\n<p>A bient\u00f4t pour le lancement.<\/p>\n<p>Notre Correspondant \u00e0 Kinshasa\/RDC, B\u00c9R\u00c9T\u00c9 O. Jack<\/p>\n<p>T\u00e9l: +243 851 164 446<\/p>\n<p>E-mail: ousbrt777@gmail.com<\/p>\n","protected":false},"excerpt":{"rendered":"<p>En R\u00e9publique de Guin\u00e9e, un nouveau m\u00e9dia panafricain sp\u00e9cialis\u00e9 dans le traitement des informations ax\u00e9es sur les 17 ODD et les Conventions Cadres des Nations Unies sur Changements Climatiques (CCNUCC), D\u00e9sertifications (UNCCD), Diversit\u00e9 Biologique (CDB) et Gestions des d\u00e9chets dangereux, la Pollutions et leur \u00e9limination (BRS) et d\u2019autres etc\u2026 Baptis\u00e9 le Groupe M\u00e9dia Afrique Environnement, [&hellip;]<\/p>\n","protected":false},"author":5,"featured_media":11924,"comment_status":"open","ping_status":"open","sticky":false,"template":"","format":"standard","meta":{"_siteseo_robots_primary_cat":"5","footnotes":""},"categories":[5],"tags":[],"class_list":["post-11919","post","type-post","status-publish","format-standard","has-post-thumbnail","hentry","category-slide"],"_links":{"self":[{"href":"https:\/\/lezenith.info\/index.php?rest_route=\/wp\/v2\/posts\/11919","targetHints":{"allow":["GET"]}}],"collection":[{"href":"https:\/\/lezenith.info\/index.php?rest_route=\/wp\/v2\/posts"}],"about":[{"href":"https:\/\/lezenith.info\/index.php?rest_route=\/wp\/v2\/types\/post"}],"author":[{"embeddable":true,"href":"https:\/\/lezenith.info\/index.php?rest_route=\/wp\/v2\/users\/5"}],"replies":[{"embeddable":true,"href":"https:\/\/lezenith.info\/index.php?rest_route=%2Fwp%2Fv2%2Fcomments&post=11919"}],"version-history":[{"count":1,"href":"https:\/\/lezenith.info\/index.php?rest_route=\/wp\/v2\/posts\/11919\/revisions"}],"predecessor-version":[{"id":11925,"href":"https:\/\/lezenith.info\/index.php?rest_route=\/wp\/v2\/posts\/11919\/revisions\/11925"}],"wp:featuredmedia":[{"embeddable":true,"href":"https:\/\/lezenith.info\/index.php?rest_route=\/wp\/v2\/media\/11924"}],"wp:attachment":[{"href":"https:\/\/lezenith.info\/index.php?rest_route=%2Fwp%2Fv2%2Fmedia&parent=11919"}],"wp:term":[{"taxonomy":"category","embeddable":true,"href":"https:\/\/lezenith.info\/index.php?rest_route=%2Fwp%2Fv2%2Fcategories&post=11919"},{"taxonomy":"post_tag","embeddable":true,"href":"https:\/\/lezenith.info\/index.php?rest_route=%2Fwp%2Fv2%2Ftags&post=11919"}],"curies":[{"name":"wp","href":"https:\/\/api.w.org\/{rel}","templated":true}]}}