{"id":11742,"date":"2026-02-12T21:32:50","date_gmt":"2026-02-12T21:32:50","guid":{"rendered":"https:\/\/lezenith.info\/?p=11742"},"modified":"2026-02-12T21:32:50","modified_gmt":"2026-02-12T21:32:50","slug":"le-president-doumbouya-prend-son-envol-pour-le-39e-sommet-de-lunion-africaine-ce-vendredi","status":"publish","type":"post","link":"https:\/\/lezenith.info\/?p=11742","title":{"rendered":"Le pr\u00e9sident Doumbouya prend son envol pour le 39e Sommet de l\u2019Union Africaine, ce vendredi\u00a0"},"content":{"rendered":"<div dir=\"auto\">Le pr\u00e9sident Mamadi Doumbouya effectuera sa premi\u00e8re sortie officielle depuis son investiture en se rendant \u00e0 Addis-Abeba ce vendredi 13 f\u00e9vrier pour participer au Sommet de l\u2019Union Africaine, durant 2 jours.<\/div>\n<div dir=\"auto\"><\/div>\n<div dir=\"auto\">Cette visite vise \u00e0 renforcer la coop\u00e9ration continentale et \u00e0 affirmer l\u2019engagement de la Guin\u00e9e dans l\u2019esprit panafricain.<\/div>\n<div dir=\"auto\"><\/div>\n<div dir=\"auto\">Ci-dessous, le communiqu\u00e9<\/div>\n<div dir=\"auto\"><img loading=\"lazy\" decoding=\"async\" class=\"alignnone size-medium wp-image-11743\" src=\"https:\/\/lezenith.info\/wp-content\/uploads\/2026\/02\/FB_IMG_1770929688658-212x300.jpg\" alt=\"\" width=\"212\" height=\"300\" srcset=\"https:\/\/lezenith.info\/wp-content\/uploads\/2026\/02\/FB_IMG_1770929688658-212x300.jpg 212w, https:\/\/lezenith.info\/wp-content\/uploads\/2026\/02\/FB_IMG_1770929688658-724x1024.jpg 724w, https:\/\/lezenith.info\/wp-content\/uploads\/2026\/02\/FB_IMG_1770929688658-768x1086.jpg 768w, https:\/\/lezenith.info\/wp-content\/uploads\/2026\/02\/FB_IMG_1770929688658-750x1061.jpg 750w, https:\/\/lezenith.info\/wp-content\/uploads\/2026\/02\/FB_IMG_1770929688658.jpg 905w\" sizes=\"auto, (max-width: 212px) 100vw, 212px\" \/><\/div>\n<div dir=\"auto\">Lezenith.info<\/div>\n","protected":false},"excerpt":{"rendered":"<p>Le pr\u00e9sident Mamadi Doumbouya effectuera sa premi\u00e8re sortie officielle depuis son investiture en se rendant \u00e0 Addis-Abeba ce vendredi 13 f\u00e9vrier pour participer au Sommet de l\u2019Union Africaine, durant 2 jours. Cette visite vise \u00e0 renforcer la coop\u00e9ration continentale et \u00e0 affirmer l\u2019engagement de la Guin\u00e9e dans l\u2019esprit panafricain. Ci-dessous, le communiqu\u00e9 Lezenith.info<\/p>\n","protected":false},"author":5,"featured_media":11744,"comment_status":"open","ping_status":"open","sticky":false,"template":"","format":"standard","meta":{"_siteseo_robots_primary_cat":"5","footnotes":""},"categories":[99],"tags":[],"class_list":["post-11742","post","type-post","status-publish","format-standard","has-post-thumbnail","hentry","category-acte-de-souverainete"],"_links":{"self":[{"href":"https:\/\/lezenith.info\/index.php?rest_route=\/wp\/v2\/posts\/11742","targetHints":{"allow":["GET"]}}],"collection":[{"href":"https:\/\/lezenith.info\/index.php?rest_route=\/wp\/v2\/posts"}],"about":[{"href":"https:\/\/lezenith.info\/index.php?rest_route=\/wp\/v2\/types\/post"}],"author":[{"embeddable":true,"href":"https:\/\/lezenith.info\/index.php?rest_route=\/wp\/v2\/users\/5"}],"replies":[{"embeddable":true,"href":"https:\/\/lezenith.info\/index.php?rest_route=%2Fwp%2Fv2%2Fcomments&post=11742"}],"version-history":[{"count":1,"href":"https:\/\/lezenith.info\/index.php?rest_route=\/wp\/v2\/posts\/11742\/revisions"}],"predecessor-version":[{"id":11745,"href":"https:\/\/lezenith.info\/index.php?rest_route=\/wp\/v2\/posts\/11742\/revisions\/11745"}],"wp:featuredmedia":[{"embeddable":true,"href":"https:\/\/lezenith.info\/index.php?rest_route=\/wp\/v2\/media\/11744"}],"wp:attachment":[{"href":"https:\/\/lezenith.info\/index.php?rest_route=%2Fwp%2Fv2%2Fmedia&parent=11742"}],"wp:term":[{"taxonomy":"category","embeddable":true,"href":"https:\/\/lezenith.info\/index.php?rest_route=%2Fwp%2Fv2%2Fcategories&post=11742"},{"taxonomy":"post_tag","embeddable":true,"href":"https:\/\/lezenith.info\/index.php?rest_route=%2Fwp%2Fv2%2Ftags&post=11742"}],"curies":[{"name":"wp","href":"https:\/\/api.w.org\/{rel}","templated":true}]}}