{"id":11507,"date":"2025-11-15T19:25:11","date_gmt":"2025-11-15T19:25:11","guid":{"rendered":"https:\/\/lezenith.info\/?p=11507"},"modified":"2025-11-15T19:25:11","modified_gmt":"2025-11-15T19:25:11","slug":"bambeto-les-autorites-confirment-le-maintien-du-nom-de-lechangeur-lors-de-son-inauguration","status":"publish","type":"post","link":"https:\/\/lezenith.info\/?p=11507","title":{"rendered":"Bamb\u00e9to : les autorit\u00e9s confirment le maintien du nom de l\u2019\u00e9changeur lors de son inauguration"},"content":{"rendered":"<p>Le doute est d\u00e9sormais dissip\u00e9 : l\u2019\u00e9changeur de Bamb\u00e9to conservera officiellement son appellation originelle.<\/p>\n<p><img loading=\"lazy\" decoding=\"async\" class=\"alignnone size-medium wp-image-11510\" src=\"https:\/\/lezenith.info\/wp-content\/uploads\/2025\/11\/IMG-20251115-WA0179-300x200.jpg\" alt=\"\" width=\"300\" height=\"200\" srcset=\"https:\/\/lezenith.info\/wp-content\/uploads\/2025\/11\/IMG-20251115-WA0179-300x200.jpg 300w, https:\/\/lezenith.info\/wp-content\/uploads\/2025\/11\/IMG-20251115-WA0179-1024x683.jpg 1024w, https:\/\/lezenith.info\/wp-content\/uploads\/2025\/11\/IMG-20251115-WA0179-768x512.jpg 768w, https:\/\/lezenith.info\/wp-content\/uploads\/2025\/11\/IMG-20251115-WA0179-750x500.jpg 750w, https:\/\/lezenith.info\/wp-content\/uploads\/2025\/11\/IMG-20251115-WA0179.jpg 1080w\" sizes=\"auto, (max-width: 300px) 100vw, 300px\" \/><\/p>\n<p>L\u2019annonce a \u00e9t\u00e9 faite ce matin par Yaya Sow, conseiller \u00e0 la Pr\u00e9sidence charg\u00e9 des Infrastructures et des Transports, quelques instants avant la pri\u00e8re de b\u00e9n\u00e9diction dirig\u00e9e par le grand imam Elhadj Mamadou Saliou Camara.<\/p>\n<p><img loading=\"lazy\" decoding=\"async\" class=\"alignnone size-medium wp-image-11509\" src=\"https:\/\/lezenith.info\/wp-content\/uploads\/2025\/11\/FB_IMG_1763230931483-300x296.jpg\" alt=\"\" width=\"300\" height=\"296\" srcset=\"https:\/\/lezenith.info\/wp-content\/uploads\/2025\/11\/FB_IMG_1763230931483-300x296.jpg 300w, https:\/\/lezenith.info\/wp-content\/uploads\/2025\/11\/FB_IMG_1763230931483-1024x1011.jpg 1024w, https:\/\/lezenith.info\/wp-content\/uploads\/2025\/11\/FB_IMG_1763230931483-768x758.jpg 768w, https:\/\/lezenith.info\/wp-content\/uploads\/2025\/11\/FB_IMG_1763230931483-75x75.jpg 75w, https:\/\/lezenith.info\/wp-content\/uploads\/2025\/11\/FB_IMG_1763230931483-750x741.jpg 750w, https:\/\/lezenith.info\/wp-content\/uploads\/2025\/11\/FB_IMG_1763230931483.jpg 1040w\" sizes=\"auto, (max-width: 300px) 100vw, 300px\" \/><\/p>\n<p>Dans son intervention, Yaya Sow a indiqu\u00e9 que \u00ab l\u2019\u00c9changeur de Bamb\u00e9to gardera son nom, en m\u00e9moire des victimes de l\u2019Axe \u00bb, mettant un terme aux sp\u00e9culations qui circulaient depuis plusieurs jours au sujet d\u2019un \u00e9ventuel changement d&rsquo;appellation.<\/p>\n<p><img loading=\"lazy\" decoding=\"async\" class=\"alignnone size-medium wp-image-11508\" src=\"https:\/\/lezenith.info\/wp-content\/uploads\/2025\/11\/FB_IMG_1763212449665-1-300x171.jpg\" alt=\"\" width=\"300\" height=\"171\" srcset=\"https:\/\/lezenith.info\/wp-content\/uploads\/2025\/11\/FB_IMG_1763212449665-1-300x171.jpg 300w, https:\/\/lezenith.info\/wp-content\/uploads\/2025\/11\/FB_IMG_1763212449665-1-768x439.jpg 768w, https:\/\/lezenith.info\/wp-content\/uploads\/2025\/11\/FB_IMG_1763212449665-1-750x429.jpg 750w, https:\/\/lezenith.info\/wp-content\/uploads\/2025\/11\/FB_IMG_1763212449665-1.jpg 810w\" sizes=\"auto, (max-width: 300px) 100vw, 300px\" \/><\/p>\n<p>La c\u00e9r\u00e9monie d\u2019inauguration vient couronner un projet amorc\u00e9 sous la pr\u00e9sidence d\u2019Alpha Cond\u00e9 et finalis\u00e9 sous la transition dirig\u00e9e par le g\u00e9n\u00e9ral Mamadi Doumbouya. Cette nouvelle infrastructure, devenue un point n\u00e9vralgique pour la circulation dans la haute banlieue de Conakry, a attir\u00e9 une foule nombreuse compos\u00e9e de responsables, de riverains et de simples curieux venus d\u00e9couvrir l\u2019ouvrage fra\u00eechement achev\u00e9.<\/p>\n<p>Lezenith.info<\/p>\n","protected":false},"excerpt":{"rendered":"<p>Le doute est d\u00e9sormais dissip\u00e9 : l\u2019\u00e9changeur de Bamb\u00e9to conservera officiellement son appellation originelle. L\u2019annonce a \u00e9t\u00e9 faite ce matin par Yaya Sow, conseiller \u00e0 la Pr\u00e9sidence charg\u00e9 des Infrastructures et des Transports, quelques instants avant la pri\u00e8re de b\u00e9n\u00e9diction dirig\u00e9e par le grand imam Elhadj Mamadou Saliou Camara. Dans son intervention, Yaya Sow a [&hellip;]<\/p>\n","protected":false},"author":5,"featured_media":11511,"comment_status":"open","ping_status":"open","sticky":false,"template":"","format":"standard","meta":{"_siteseo_robots_primary_cat":"5","footnotes":""},"categories":[99],"tags":[],"class_list":["post-11507","post","type-post","status-publish","format-standard","has-post-thumbnail","hentry","category-acte-de-souverainete"],"_links":{"self":[{"href":"https:\/\/lezenith.info\/index.php?rest_route=\/wp\/v2\/posts\/11507","targetHints":{"allow":["GET"]}}],"collection":[{"href":"https:\/\/lezenith.info\/index.php?rest_route=\/wp\/v2\/posts"}],"about":[{"href":"https:\/\/lezenith.info\/index.php?rest_route=\/wp\/v2\/types\/post"}],"author":[{"embeddable":true,"href":"https:\/\/lezenith.info\/index.php?rest_route=\/wp\/v2\/users\/5"}],"replies":[{"embeddable":true,"href":"https:\/\/lezenith.info\/index.php?rest_route=%2Fwp%2Fv2%2Fcomments&post=11507"}],"version-history":[{"count":1,"href":"https:\/\/lezenith.info\/index.php?rest_route=\/wp\/v2\/posts\/11507\/revisions"}],"predecessor-version":[{"id":11512,"href":"https:\/\/lezenith.info\/index.php?rest_route=\/wp\/v2\/posts\/11507\/revisions\/11512"}],"wp:featuredmedia":[{"embeddable":true,"href":"https:\/\/lezenith.info\/index.php?rest_route=\/wp\/v2\/media\/11511"}],"wp:attachment":[{"href":"https:\/\/lezenith.info\/index.php?rest_route=%2Fwp%2Fv2%2Fmedia&parent=11507"}],"wp:term":[{"taxonomy":"category","embeddable":true,"href":"https:\/\/lezenith.info\/index.php?rest_route=%2Fwp%2Fv2%2Fcategories&post=11507"},{"taxonomy":"post_tag","embeddable":true,"href":"https:\/\/lezenith.info\/index.php?rest_route=%2Fwp%2Fv2%2Ftags&post=11507"}],"curies":[{"name":"wp","href":"https:\/\/api.w.org\/{rel}","templated":true}]}}