{"id":10940,"date":"2025-09-26T23:19:22","date_gmt":"2025-09-26T23:19:22","guid":{"rendered":"https:\/\/lezenith.info\/?p=10940"},"modified":"2025-09-26T23:19:22","modified_gmt":"2025-09-26T23:19:22","slug":"le-general-doumbouya-promulgue-la-nouvelle-constitution-adoptee-par-referendum","status":"publish","type":"post","link":"https:\/\/lezenith.info\/?p=10940","title":{"rendered":"Le g\u00e9n\u00e9ral Doumbouya \u00ab promulgue \u00bb la nouvelle Constitution adopt\u00e9e par \u00ab r\u00e9f\u00e9rendum \u00bb"},"content":{"rendered":"<p>Le pr\u00e9sident de la R\u00e9publique, le g\u00e9n\u00e9ral Mamadi Doumbouya, a annonc\u00e9 ce vendredi 26 septembre \u00e0 la t\u00e9l\u00e9vision nationale RTG la \u00ab promulgation \u00bb officielle de la nouvelle \u00ab Constitution de la R\u00e9publique de Guin\u00e9e \u00bb, adopt\u00e9e par \u00ab r\u00e9f\u00e9rendum \u00bb le 21 septembre 2025.<\/p>\n<p>Cette d\u00e9cision s\u2019appuie sur l\u2019\u00ab arr\u00eat n\u00b0001 \u00bb de la \u00ab Cour supr\u00eame \u00bb qui valide les r\u00e9sultats d\u00e9finitifs. Le d\u00e9cret pr\u00e9cise que le texte entre en vigueur d\u00e8s sa \u00ab signature \u00bb et sera publi\u00e9 au \u00ab journal officiel \u00bb.<\/p>\n<p>Une nouvelle \u00e9tape cruciale dans la \u00ab transition \u00bb politique du pays.<\/p>\n<p>lezenith.info<\/p>\n","protected":false},"excerpt":{"rendered":"<p>Le pr\u00e9sident de la R\u00e9publique, le g\u00e9n\u00e9ral Mamadi Doumbouya, a annonc\u00e9 ce vendredi 26 septembre \u00e0 la t\u00e9l\u00e9vision nationale RTG la \u00ab promulgation \u00bb officielle de la nouvelle \u00ab Constitution de la R\u00e9publique de Guin\u00e9e \u00bb, adopt\u00e9e par \u00ab r\u00e9f\u00e9rendum \u00bb le 21 septembre 2025. Cette d\u00e9cision s\u2019appuie sur l\u2019\u00ab arr\u00eat n\u00b0001 \u00bb de la [&hellip;]<\/p>\n","protected":false},"author":5,"featured_media":10942,"comment_status":"open","ping_status":"open","sticky":false,"template":"","format":"standard","meta":{"_siteseo_robots_primary_cat":"5","footnotes":""},"categories":[99,98],"tags":[],"class_list":["post-10940","post","type-post","status-publish","format-standard","has-post-thumbnail","hentry","category-acte-de-souverainete","category-decrets"],"_links":{"self":[{"href":"https:\/\/lezenith.info\/index.php?rest_route=\/wp\/v2\/posts\/10940","targetHints":{"allow":["GET"]}}],"collection":[{"href":"https:\/\/lezenith.info\/index.php?rest_route=\/wp\/v2\/posts"}],"about":[{"href":"https:\/\/lezenith.info\/index.php?rest_route=\/wp\/v2\/types\/post"}],"author":[{"embeddable":true,"href":"https:\/\/lezenith.info\/index.php?rest_route=\/wp\/v2\/users\/5"}],"replies":[{"embeddable":true,"href":"https:\/\/lezenith.info\/index.php?rest_route=%2Fwp%2Fv2%2Fcomments&post=10940"}],"version-history":[{"count":1,"href":"https:\/\/lezenith.info\/index.php?rest_route=\/wp\/v2\/posts\/10940\/revisions"}],"predecessor-version":[{"id":10943,"href":"https:\/\/lezenith.info\/index.php?rest_route=\/wp\/v2\/posts\/10940\/revisions\/10943"}],"wp:featuredmedia":[{"embeddable":true,"href":"https:\/\/lezenith.info\/index.php?rest_route=\/wp\/v2\/media\/10942"}],"wp:attachment":[{"href":"https:\/\/lezenith.info\/index.php?rest_route=%2Fwp%2Fv2%2Fmedia&parent=10940"}],"wp:term":[{"taxonomy":"category","embeddable":true,"href":"https:\/\/lezenith.info\/index.php?rest_route=%2Fwp%2Fv2%2Fcategories&post=10940"},{"taxonomy":"post_tag","embeddable":true,"href":"https:\/\/lezenith.info\/index.php?rest_route=%2Fwp%2Fv2%2Ftags&post=10940"}],"curies":[{"name":"wp","href":"https:\/\/api.w.org\/{rel}","templated":true}]}}