{"id":10899,"date":"2025-09-18T23:29:16","date_gmt":"2025-09-18T23:29:16","guid":{"rendered":"https:\/\/lezenith.info\/?p=10899"},"modified":"2025-09-18T23:29:16","modified_gmt":"2025-09-18T23:29:16","slug":"referendum-du-21-septembre-mobilisation-historique-menee-par-ahmed-kante-a-kamsar","status":"publish","type":"post","link":"https:\/\/lezenith.info\/?p=10899","title":{"rendered":"R\u00e9f\u00e9rendum du 21 septembre : mobilisation historique  men\u00e9e par Ahmed Kant\u00e9 \u00e0 Kamsar"},"content":{"rendered":"<p>La ville industrielle de Kamsar a connu ce jeudi 18 septembre 2025 une mobilisation populaire d\u2019une ampleur impressionnante \u00e0 l\u2019occasion du dernier jour de campagne du Mouvement Rouge, Jaune, Vert (MRJV). Le stade de l\u2019Amiti\u00e9, plein comme un oeuf, a accueilli chants, danses, conclus par le discours de celui qui, sur fonds propres, a parrain\u00e9 et appuy\u00e9 depuis le d\u00e9but ledit mouvement : Ahmed Kant\u00e9, Administrateur g\u00e9n\u00e9ral de la soci\u00e9t\u00e9 AGB2A-GIC.<\/p>\n<p><img loading=\"lazy\" decoding=\"async\" class=\"alignnone size-medium wp-image-10903\" src=\"https:\/\/lezenith.info\/wp-content\/uploads\/2025\/09\/IMG-20250918-WA0178-300x200.jpg\" alt=\"\" width=\"300\" height=\"200\" srcset=\"https:\/\/lezenith.info\/wp-content\/uploads\/2025\/09\/IMG-20250918-WA0178-300x200.jpg 300w, https:\/\/lezenith.info\/wp-content\/uploads\/2025\/09\/IMG-20250918-WA0178-1024x683.jpg 1024w, https:\/\/lezenith.info\/wp-content\/uploads\/2025\/09\/IMG-20250918-WA0178-768x512.jpg 768w, https:\/\/lezenith.info\/wp-content\/uploads\/2025\/09\/IMG-20250918-WA0178-750x500.jpg 750w, https:\/\/lezenith.info\/wp-content\/uploads\/2025\/09\/IMG-20250918-WA0178.jpg 1080w\" sizes=\"auto, (max-width: 300px) 100vw, 300px\" \/><\/p>\n<p>D\u00e8s son arriv\u00e9e dans la r\u00e9gion de Bok\u00e9, Ahmed Kant\u00e9 a plac\u00e9 son s\u00e9jour sous le signe du respect et du recueillement. Il a \u00e9t\u00e9 re\u00e7u par le Khalife de Bok\u00e9, Elhadj Ibrahima N\u2019Diaye, \u00e0 Kanfarand\u00e9di, qui a formul\u00e9 des pri\u00e8res pour la paix en Guin\u00e9e et pour le succ\u00e8s de l\u2019ancien ministre dans ses engagements patriotiques.<\/p>\n<p>Le parrain du MRJV s\u2019est ensuite rendu aupr\u00e8s de l\u2019Association des d\u00e9guerpis de Kamsar, qui regroupe plus de 23 000 membres, ainsi qu\u2019\u00e0 la communaut\u00e9 Mikhifor\u00e9.<\/p>\n<p>\u00c0 chaque \u00e9tape, il a soulign\u00e9 l\u2019importance d\u2019un vote massif en faveur du \u201cOUI\u201d au projet de nouvelle Constitution, pr\u00e9sent\u00e9 comme un fondement du d\u00e9veloppement et de l\u2019unit\u00e9 nationale.<\/p>\n<p><img loading=\"lazy\" decoding=\"async\" class=\"alignnone size-medium wp-image-10902\" src=\"https:\/\/lezenith.info\/wp-content\/uploads\/2025\/09\/IMG-20250918-WA0177-1-300x200.jpg\" alt=\"\" width=\"300\" height=\"200\" srcset=\"https:\/\/lezenith.info\/wp-content\/uploads\/2025\/09\/IMG-20250918-WA0177-1-300x200.jpg 300w, https:\/\/lezenith.info\/wp-content\/uploads\/2025\/09\/IMG-20250918-WA0177-1-1024x683.jpg 1024w, https:\/\/lezenith.info\/wp-content\/uploads\/2025\/09\/IMG-20250918-WA0177-1-768x512.jpg 768w, https:\/\/lezenith.info\/wp-content\/uploads\/2025\/09\/IMG-20250918-WA0177-1-750x500.jpg 750w, https:\/\/lezenith.info\/wp-content\/uploads\/2025\/09\/IMG-20250918-WA0177-1.jpg 1080w\" sizes=\"auto, (max-width: 300px) 100vw, 300px\" \/><\/p>\n<p>Le point culminant de son s\u00e9jour s\u2019est d\u00e9roul\u00e9 au stade de l\u2019Amiti\u00e9, o\u00f9 une foule nombreuse l\u2019attendait. Des milliers de citoyens venus de toute la r\u00e9gion ont transform\u00e9 l\u2019\u00e9v\u00e9nement en une d\u00e9monstration de force populaire. Danses traditionnelles, chants patriotiques et slogans ont accompagn\u00e9 son arriv\u00e9e.<\/p>\n<p>Un plateau artistique de haut niveau a pr\u00e9c\u00e9d\u00e9 son intervention. Des artistes majeurs de la sc\u00e8ne guin\u00e9enne, tels que Manamba Kant\u00e9, Soul Bang\u2019s, Petit Camara, Sheba Queen, Ali Sanson et Le M\u00e9langeur, ont offert un spectacle in\u00e9dit \u00e0 Kamsar, donnant \u00e0 la mobilisation une dimension festive.<\/p>\n<p><img loading=\"lazy\" decoding=\"async\" class=\"alignnone size-medium wp-image-10901\" src=\"https:\/\/lezenith.info\/wp-content\/uploads\/2025\/09\/IMG-20250918-WA0177-300x200.jpg\" alt=\"\" width=\"300\" height=\"200\" srcset=\"https:\/\/lezenith.info\/wp-content\/uploads\/2025\/09\/IMG-20250918-WA0177-300x200.jpg 300w, https:\/\/lezenith.info\/wp-content\/uploads\/2025\/09\/IMG-20250918-WA0177-1024x683.jpg 1024w, https:\/\/lezenith.info\/wp-content\/uploads\/2025\/09\/IMG-20250918-WA0177-768x512.jpg 768w, https:\/\/lezenith.info\/wp-content\/uploads\/2025\/09\/IMG-20250918-WA0177-750x500.jpg 750w, https:\/\/lezenith.info\/wp-content\/uploads\/2025\/09\/IMG-20250918-WA0177.jpg 1080w\" sizes=\"auto, (max-width: 300px) 100vw, 300px\" \/><\/p>\n<p>Devant une foule compacte, Ahmed Kant\u00e9 a prononc\u00e9 un discours clair et d\u00e9termin\u00e9. Il a r\u00e9affirm\u00e9 sa vision d\u2019une Guin\u00e9e unie, stable et tourn\u00e9e vers le d\u00e9veloppement. Il a appel\u00e9 \u00e0 voter \u201cOUI\u201d le 21 septembre pour b\u00e2tir une nation plus forte, plus juste et plus prosp\u00e8re. Il a d\u00e9clar\u00e9 : \u00ab Le 21 septembre, nous devons voter OUI, pour ouvrir la voie \u00e0 une Guin\u00e9e plus forte, plus juste et plus prosp\u00e8re. Ce r\u00e9f\u00e9rendum est une chance historique pour notre pays, et nous devons la saisir avec responsabilit\u00e9 et engagement. \u00bb<img loading=\"lazy\" decoding=\"async\" class=\"alignnone size-medium wp-image-10900\" src=\"https:\/\/lezenith.info\/wp-content\/uploads\/2025\/09\/IMG-20250918-WA0176-300x200.jpg\" alt=\"\" width=\"300\" height=\"200\" srcset=\"https:\/\/lezenith.info\/wp-content\/uploads\/2025\/09\/IMG-20250918-WA0176-300x200.jpg 300w, https:\/\/lezenith.info\/wp-content\/uploads\/2025\/09\/IMG-20250918-WA0176-1024x683.jpg 1024w, https:\/\/lezenith.info\/wp-content\/uploads\/2025\/09\/IMG-20250918-WA0176-768x512.jpg 768w, https:\/\/lezenith.info\/wp-content\/uploads\/2025\/09\/IMG-20250918-WA0176-750x500.jpg 750w, https:\/\/lezenith.info\/wp-content\/uploads\/2025\/09\/IMG-20250918-WA0176.jpg 1080w\" sizes=\"auto, (max-width: 300px) 100vw, 300px\" \/><\/p>\n<p>Cette mobilisation record confirme la dynamique du Mouvement Rouge, Jaune, Vert et illustre l\u2019influence croissante d\u2019Ahmed Kant\u00e9 sur le plan politique et social.<\/p>\n<p>Amadou Hamza Bah, envoy\u00e9 sp\u00e9cial<\/p>\n","protected":false},"excerpt":{"rendered":"<p>La ville industrielle de Kamsar a connu ce jeudi 18 septembre 2025 une mobilisation populaire d\u2019une ampleur impressionnante \u00e0 l\u2019occasion du dernier jour de campagne du Mouvement Rouge, Jaune, Vert (MRJV). Le stade de l\u2019Amiti\u00e9, plein comme un oeuf, a accueilli chants, danses, conclus par le discours de celui qui, sur fonds propres, a parrain\u00e9 [&hellip;]<\/p>\n","protected":false},"author":5,"featured_media":10904,"comment_status":"open","ping_status":"open","sticky":false,"template":"","format":"standard","meta":{"_siteseo_robots_primary_cat":"5","footnotes":""},"categories":[5],"tags":[],"class_list":["post-10899","post","type-post","status-publish","format-standard","has-post-thumbnail","hentry","category-slide"],"_links":{"self":[{"href":"https:\/\/lezenith.info\/index.php?rest_route=\/wp\/v2\/posts\/10899","targetHints":{"allow":["GET"]}}],"collection":[{"href":"https:\/\/lezenith.info\/index.php?rest_route=\/wp\/v2\/posts"}],"about":[{"href":"https:\/\/lezenith.info\/index.php?rest_route=\/wp\/v2\/types\/post"}],"author":[{"embeddable":true,"href":"https:\/\/lezenith.info\/index.php?rest_route=\/wp\/v2\/users\/5"}],"replies":[{"embeddable":true,"href":"https:\/\/lezenith.info\/index.php?rest_route=%2Fwp%2Fv2%2Fcomments&post=10899"}],"version-history":[{"count":1,"href":"https:\/\/lezenith.info\/index.php?rest_route=\/wp\/v2\/posts\/10899\/revisions"}],"predecessor-version":[{"id":10905,"href":"https:\/\/lezenith.info\/index.php?rest_route=\/wp\/v2\/posts\/10899\/revisions\/10905"}],"wp:featuredmedia":[{"embeddable":true,"href":"https:\/\/lezenith.info\/index.php?rest_route=\/wp\/v2\/media\/10904"}],"wp:attachment":[{"href":"https:\/\/lezenith.info\/index.php?rest_route=%2Fwp%2Fv2%2Fmedia&parent=10899"}],"wp:term":[{"taxonomy":"category","embeddable":true,"href":"https:\/\/lezenith.info\/index.php?rest_route=%2Fwp%2Fv2%2Fcategories&post=10899"},{"taxonomy":"post_tag","embeddable":true,"href":"https:\/\/lezenith.info\/index.php?rest_route=%2Fwp%2Fv2%2Ftags&post=10899"}],"curies":[{"name":"wp","href":"https:\/\/api.w.org\/{rel}","templated":true}]}}