{"id":10884,"date":"2025-09-14T19:11:35","date_gmt":"2025-09-14T19:11:35","guid":{"rendered":"https:\/\/lezenith.info\/?p=10884"},"modified":"2025-09-14T19:11:35","modified_gmt":"2025-09-14T19:11:35","slug":"referendum-du-21-septembre-le-mouvement-rouge-jaune-vert-mobilise-a-faranah-sous-le-parrainage-dahmed-kante","status":"publish","type":"post","link":"https:\/\/lezenith.info\/?p=10884","title":{"rendered":"R\u00e9f\u00e9rendum du 21 septembre : le Mouvement Rouge Jaune Vert mobilise \u00e0 Faranah sous le parrainage d\u2019Ahmed Kant\u00e9"},"content":{"rendered":"<p>La campagne pour le r\u00e9f\u00e9rendum constitutionnel du 21 septembre a pris un nouvel \u00e9lan ce samedi \u00e0 Faranah, o\u00f9 la Maison des jeunes a accueilli une importante mobilisation initi\u00e9e par le Mouvement Rouge Jaune Vert (MRJV), plac\u00e9 sous le parrainage d\u2019Ahmed Kant\u00e9.<\/p>\n<p><img loading=\"lazy\" decoding=\"async\" class=\"alignnone size-medium wp-image-10888\" src=\"https:\/\/lezenith.info\/wp-content\/uploads\/2025\/09\/IMG-20250914-WA0173-1-200x300.jpg\" alt=\"\" width=\"200\" height=\"300\" srcset=\"https:\/\/lezenith.info\/wp-content\/uploads\/2025\/09\/IMG-20250914-WA0173-1-200x300.jpg 200w, https:\/\/lezenith.info\/wp-content\/uploads\/2025\/09\/IMG-20250914-WA0173-1-683x1024.jpg 683w, https:\/\/lezenith.info\/wp-content\/uploads\/2025\/09\/IMG-20250914-WA0173-1.jpg 688w\" sizes=\"auto, (max-width: 200px) 100vw, 200px\" \/><\/p>\n<p>Avant le lancement officiel des activit\u00e9s, Ahmed Kant\u00e9 a rendu visite au sotikem\u00f4 de Faranah afin de lui pr\u00e9senter ses salutations traditionnelles. Un geste symbolique, salu\u00e9 par la population, qui illustre le respect des valeurs coutumi\u00e8res et l\u2019ancrage du mouvement dans les r\u00e9alit\u00e9s locales.<\/p>\n<p>Dans son allocution, Mohamed Tenemba Oular\u00e9, pr\u00e9sident de la d\u00e9l\u00e9gation sp\u00e9ciale de Faranah, a exprim\u00e9 l\u2019engagement ferme de la commune urbaine \u00e0 soutenir le projet de nouvelle constitution<\/p>\n<p>\u00ab La commune urbaine de Faranah est pr\u00eate \u00e0 vous accompagner, car vous \u00eates l\u00e0 pour nous appuyer dans tout ce que nous devons faire afin de voter massivement, le 21 septembre, oui \u00e0 cette nouvelle constitution. (\u2026) Nous vous rassurons que le 21 septembre, nous sortirons premiers en R\u00e9publique de Guin\u00e9e en votant massivement et \u00e0 la sovi\u00e9tique pour le oui \u00bb, a-t-il affirm\u00e9.<\/p>\n<p><img loading=\"lazy\" decoding=\"async\" class=\"alignnone size-medium wp-image-10887\" src=\"https:\/\/lezenith.info\/wp-content\/uploads\/2025\/09\/IMG-20250914-WA0174-300x200.jpg\" alt=\"\" width=\"300\" height=\"200\" srcset=\"https:\/\/lezenith.info\/wp-content\/uploads\/2025\/09\/IMG-20250914-WA0174-300x200.jpg 300w, https:\/\/lezenith.info\/wp-content\/uploads\/2025\/09\/IMG-20250914-WA0174-1024x683.jpg 1024w, https:\/\/lezenith.info\/wp-content\/uploads\/2025\/09\/IMG-20250914-WA0174-768x512.jpg 768w, https:\/\/lezenith.info\/wp-content\/uploads\/2025\/09\/IMG-20250914-WA0174-750x500.jpg 750w, https:\/\/lezenith.info\/wp-content\/uploads\/2025\/09\/IMG-20250914-WA0174.jpg 1032w\" sizes=\"auto, (max-width: 300px) 100vw, 300px\" \/><\/p>\n<p>Prenant la parole au nom du mouvement, son pr\u00e9sident, Pierre Goa Zoumanigui, a livr\u00e9 un message fort aux citoyens de Faranah. Pour lui, ce r\u00e9f\u00e9rendum est une \u00e9tape d\u00e9cisive de l\u2019histoire nationale.<\/p>\n<p>\u00ab Aujourd\u2019hui, nous sommes r\u00e9unis sous les couleurs de notre mouvement, le Rouge, le Jaune et le Vert, symbole de notre identit\u00e9, de notre unit\u00e9 et de notre souverainet\u00e9. (\u2026) Le 21 septembre, nous avons un devoir : aller massivement voter. Et voter Oui \u00bb, a d\u00e9clar\u00e9 Pierre GOA Zoumanigui, pr\u00e9sident du MRJV.<\/p>\n<p>S\u2019adressant \u00e0 une salle comble, le parrain du mouvement a livr\u00e9 un discours empreint de patriotisme et de vision sociale. Pour lui, le projet de nouvelle constitution s\u2019inscrit dans la continuit\u00e9 de l\u2019h\u00e9ritage du pr\u00e9sident S\u00e9kou Tour\u00e9 et de ses compagnons.<\/p>\n<p><img loading=\"lazy\" decoding=\"async\" class=\"alignnone size-medium wp-image-10886\" src=\"https:\/\/lezenith.info\/wp-content\/uploads\/2025\/09\/IMG-20250914-WA0173-200x300.jpg\" alt=\"\" width=\"200\" height=\"300\" srcset=\"https:\/\/lezenith.info\/wp-content\/uploads\/2025\/09\/IMG-20250914-WA0173-200x300.jpg 200w, https:\/\/lezenith.info\/wp-content\/uploads\/2025\/09\/IMG-20250914-WA0173-683x1024.jpg 683w, https:\/\/lezenith.info\/wp-content\/uploads\/2025\/09\/IMG-20250914-WA0173.jpg 688w\" sizes=\"auto, (max-width: 200px) 100vw, 200px\" \/><\/p>\n<p>\u00ab Quand on dit que les soins de sant\u00e9 doivent \u00eatre gratuits, certains pensent que c\u2019est une utopie. Mais l\u2019esprit de feu M. S\u00e9kou Tour\u00e9 s\u2019est r\u00e9incarn\u00e9 \u00e0 travers les nouveaux dirigeants de ce pays. (\u2026) Le bulletin qui sera mis dans l\u2019urne comporte une alternative : le non et le oui. Le non, c\u2019est la r\u00e9gression, et le oui, c\u2019est le progr\u00e8s. Le vote utile, c\u2019est le oui \u00bb, a martel\u00e9 Ahmed Kant\u00e9, sous les acclamations de la foule.<\/p>\n<p><img loading=\"lazy\" decoding=\"async\" class=\"alignnone size-medium wp-image-10885\" src=\"https:\/\/lezenith.info\/wp-content\/uploads\/2025\/09\/IMG-20250914-WA0176-214x300.jpg\" alt=\"\" width=\"214\" height=\"300\" srcset=\"https:\/\/lezenith.info\/wp-content\/uploads\/2025\/09\/IMG-20250914-WA0176-214x300.jpg 214w, https:\/\/lezenith.info\/wp-content\/uploads\/2025\/09\/IMG-20250914-WA0176-730x1024.jpg 730w, https:\/\/lezenith.info\/wp-content\/uploads\/2025\/09\/IMG-20250914-WA0176-768x1077.jpg 768w, https:\/\/lezenith.info\/wp-content\/uploads\/2025\/09\/IMG-20250914-WA0176-360x504.jpg 360w, https:\/\/lezenith.info\/wp-content\/uploads\/2025\/09\/IMG-20250914-WA0176-750x1052.jpg 750w, https:\/\/lezenith.info\/wp-content\/uploads\/2025\/09\/IMG-20250914-WA0176.jpg 770w\" sizes=\"auto, (max-width: 214px) 100vw, 214px\" \/><\/p>\n<p>Entre les discours et les t\u00e9moignages d\u2019adh\u00e9sion, la rencontre de Faranah a marqu\u00e9 une \u00e9tape importante de la campagne r\u00e9f\u00e9rendaire du Mouvement Rouge Jaune Vert. \u00c0 l\u2019unisson, responsables locaux et citoyens ont r\u00e9affirm\u00e9 leur volont\u00e9 d\u2019accompagner le processus jusqu\u2019au scrutin, dans l\u2019objectif de donner une victoire \u00e9clatante au \u00ab Oui \u00bb.<\/p>\n<p>AHMADOU Hamzah BAH, envoy\u00e9 sp\u00e9cial<\/p>\n","protected":false},"excerpt":{"rendered":"<p>La campagne pour le r\u00e9f\u00e9rendum constitutionnel du 21 septembre a pris un nouvel \u00e9lan ce samedi \u00e0 Faranah, o\u00f9 la Maison des jeunes a accueilli une importante mobilisation initi\u00e9e par le Mouvement Rouge Jaune Vert (MRJV), plac\u00e9 sous le parrainage d\u2019Ahmed Kant\u00e9. Avant le lancement officiel des activit\u00e9s, Ahmed Kant\u00e9 a rendu visite au sotikem\u00f4 [&hellip;]<\/p>\n","protected":false},"author":5,"featured_media":10889,"comment_status":"open","ping_status":"open","sticky":false,"template":"","format":"standard","meta":{"_siteseo_robots_primary_cat":"5","footnotes":""},"categories":[5],"tags":[],"class_list":["post-10884","post","type-post","status-publish","format-standard","has-post-thumbnail","hentry","category-slide"],"_links":{"self":[{"href":"https:\/\/lezenith.info\/index.php?rest_route=\/wp\/v2\/posts\/10884","targetHints":{"allow":["GET"]}}],"collection":[{"href":"https:\/\/lezenith.info\/index.php?rest_route=\/wp\/v2\/posts"}],"about":[{"href":"https:\/\/lezenith.info\/index.php?rest_route=\/wp\/v2\/types\/post"}],"author":[{"embeddable":true,"href":"https:\/\/lezenith.info\/index.php?rest_route=\/wp\/v2\/users\/5"}],"replies":[{"embeddable":true,"href":"https:\/\/lezenith.info\/index.php?rest_route=%2Fwp%2Fv2%2Fcomments&post=10884"}],"version-history":[{"count":1,"href":"https:\/\/lezenith.info\/index.php?rest_route=\/wp\/v2\/posts\/10884\/revisions"}],"predecessor-version":[{"id":10890,"href":"https:\/\/lezenith.info\/index.php?rest_route=\/wp\/v2\/posts\/10884\/revisions\/10890"}],"wp:featuredmedia":[{"embeddable":true,"href":"https:\/\/lezenith.info\/index.php?rest_route=\/wp\/v2\/media\/10889"}],"wp:attachment":[{"href":"https:\/\/lezenith.info\/index.php?rest_route=%2Fwp%2Fv2%2Fmedia&parent=10884"}],"wp:term":[{"taxonomy":"category","embeddable":true,"href":"https:\/\/lezenith.info\/index.php?rest_route=%2Fwp%2Fv2%2Fcategories&post=10884"},{"taxonomy":"post_tag","embeddable":true,"href":"https:\/\/lezenith.info\/index.php?rest_route=%2Fwp%2Fv2%2Ftags&post=10884"}],"curies":[{"name":"wp","href":"https:\/\/api.w.org\/{rel}","templated":true}]}}